{"id":73400,"date":"2026-01-19T09:40:06","date_gmt":"2026-01-19T09:40:06","guid":{"rendered":"https:\/\/transportjournal.com\/2026\/01\/19\/fs-logistix-uebernimmt-rangierdienste-antwerpen\/"},"modified":"2026-01-19T11:45:36","modified_gmt":"2026-01-19T10:45:36","slug":"fs-logistix-uebernimmt-rangierdienste-antwerpen","status":"publish","type":"post","link":"https:\/\/transportjournal.com\/de\/2026\/01\/19\/fs-logistix-uebernimmt-rangierdienste-antwerpen\/","title":{"rendered":"FS Logistix \u00fcbernimmt Rangierdienste Antwerpen"},"content":{"rendered":"<p>FS Logistix wird die Rangierdienste im Hafen von Antwerpen \u00fcbernehmen. Dies geschieht \u00fcber HSL Belgium, ein Unternehmen von TX Logistik. Der Vertrag umfasst die Durchf\u00fchrung der ersten und letzten Meile im Bereich 6A (Marshalldok) des Hafenareals von Antwerpen. Die Vergabe des Auftrags erg\u00e4nzt die k\u00fcrzliche \u00dcbernahme von 30 Prozent der Anteile am Betrieb des Mainhub-Terminals in Antwerpen durch FS Logistix. Diese Partnerschaft mit Lineas zielt darauf ab, den kommerziellen Verkehr zwischen Belgien und Italien zu verwalten, wei das Unternehmen mitteilt.<\/p>\n<p>Die Initiativen sind ausgerichtet, um die Effizienz und Konnektivit\u00e4t der Schieneng\u00fcterdienste in Belgien auf wichtigen europ\u00e4ischen Routen zu verbessern. &#8222;Wir setzen unseren Weg der Internationalisierung fort, um zum europ\u00e4ischen Marktf\u00fchrer im Bereich der integrierten Logistik zu werden&#8220;, so Sabrina De Filippis, CEO von FS Logistix.<\/p>\n<p><a href=\"https:\/\/www.fslogistix.com\/\" target=\"_blank\" rel=\"noopener noreferrer\">www.fslogistix.com<\/a><\/p>\n","protected":false},"excerpt":{"rendered":"<p>FS Logistix \u00fcbernimmt die Rangierdienste im Hafen von Antwerpen, um die Effizienz der Schieneng\u00fcterdienste zu verbessern.<\/p>\n","protected":false},"author":10,"featured_media":73399,"comment_status":"open","ping_status":"open","sticky":false,"template":"","format":"standard","meta":{"_acf_changed":false,"footnotes":""},"categories":[1575,1568],"tags":[6557,5247,6558,2115,4521,2309,6559,6560,5249,5250,2122,6561,6562,2856,6563,6564,2125,6565,6458,6459,2279,2280,6566,2373,6567,6568,6569,6570,6460,2282,6571,6572,3725,3157,2865,6573,2145,6574,2868,6575,6576,6577,6578,6579,6580,6581,3735,6582,6583,2155,1837,6584,6585],"class_list":["post-73400","post","type-post","status-publish","format-standard","has-post-thumbnail","hentry","category-europa","category-bahn-binnenschifffahrt-strasse","tag-commercial-traffic-belgium-italy","tag-corridors-de-transport-europeens","tag-deutsch-rangierdienste-antwerpen","tag-digitalisierung-in-der-logistik","tag-digitization-in-logistics","tag-durabilite-dans-le-transport","tag-efficacite-du-fret-ferroviaire","tag-effizienz-schienengueterdienste","tag-europaeische-transportkorridore","tag-european-transport-corridors","tag-fachkraeftemangel-logistik","tag-fret-ferroviaire-belgique","tag-fs-logistix","tag-hafenbetrieb-antwerpen","tag-hafeninfrastruktur-antwerpen","tag-hsl-belgium","tag-industrie-du-transport","tag-infrastructure-portuaire-anvers","tag-integrated-logistics","tag-integrierte-logistik","tag-international-logistics","tag-internationale-logistik","tag-kommerzieller-verkehr-belgien-italien","tag-labor-shortage-logistics","tag-logistics-partnerships-francais-services-de-manoeuvre-anvers","tag-logistics-service-providers-europe","tag-logistikdienstleister-europa","tag-logistikpartnerschaften-english-shunting-services-antwerp","tag-logistique-integree","tag-logistique-internationale","tag-mainhub-terminal-antwerp","tag-mainhub-terminal-antwerpen","tag-nachhaltigkeit-im-transport","tag-numerisation-dans-la-logistique","tag-operations-portuaires-anvers","tag-partenariats-logistiques","tag-penurie-de-main-doeuvre-logistique","tag-port-infrastructure-antwerp","tag-port-operations-antwerp","tag-prestataires-de-services-logistiques-europe","tag-rail-freight-belgium","tag-rail-freight-efficiency","tag-rail-network-europe","tag-reseau-ferroviaire-europe","tag-schienengueterverkehr-belgien","tag-schienenverkehrsnetz-europa","tag-sustainability-in-transport","tag-terminal-mainhub-anvers","tag-trafic-commercial-belgique-italie","tag-transport-industry","tag-transportwirtschaft","tag-tx-logistics","tag-tx-logistik"],"acf":[],"yoast_head":"<!-- This site is optimized with the Yoast SEO plugin v27.3 - https:\/\/yoast.com\/product\/yoast-seo-wordpress\/ -->\n<title>FS Logistix \u00fcbernimmt Rangierdienste Antwerpen - ITJ | International Transport Journal<\/title>\n<meta name=\"robots\" content=\"index, follow, max-snippet:-1, max-image-preview:large, max-video-preview:-1\" \/>\n<link rel=\"canonical\" href=\"https:\/\/transportjournal.com\/de\/2026\/01\/19\/fs-logistix-uebernimmt-rangierdienste-antwerpen\/\" \/>\n<meta property=\"og:locale\" content=\"de_DE\" \/>\n<meta property=\"og:type\" content=\"article\" \/>\n<meta property=\"og:title\" content=\"FS Logistix \u00fcbernimmt Rangierdienste Antwerpen - ITJ | International Transport Journal\" \/>\n<meta property=\"og:description\" content=\"FS Logistix \u00fcbernimmt die Rangierdienste im Hafen von Antwerpen, um die Effizienz der Schieneng\u00fcterdienste zu verbessern.\" \/>\n<meta property=\"og:url\" content=\"https:\/\/transportjournal.com\/de\/2026\/01\/19\/fs-logistix-uebernimmt-rangierdienste-antwerpen\/\" \/>\n<meta property=\"og:site_name\" content=\"ITJ | International Transport Journal\" \/>\n<meta property=\"article:published_time\" content=\"2026-01-19T09:40:06+00:00\" \/>\n<meta property=\"article:modified_time\" content=\"2026-01-19T10:45:36+00:00\" \/>\n<meta property=\"og:image\" content=\"https:\/\/transportjournal.com\/wp-content\/uploads\/sites\/2\/2026\/01\/HSL-Belgium_zone-6A_DE18-hybrid-locomotive_The-Lion_\u00a9Henk-Zwoferink-aspect-ratio-1400-788.jpg\" \/>\n\t<meta property=\"og:image:width\" content=\"1492\" \/>\n\t<meta property=\"og:image:height\" content=\"839\" \/>\n\t<meta property=\"og:image:type\" content=\"image\/jpeg\" \/>\n<meta name=\"author\" content=\"Jeremy Soland\" \/>\n<meta name=\"twitter:card\" content=\"summary_large_image\" \/>\n<meta name=\"twitter:label1\" content=\"Verfasst von\" \/>\n\t<meta name=\"twitter:data1\" content=\"Jeremy Soland\" \/>\n\t<meta name=\"twitter:label2\" content=\"Gesch\u00e4tzte Lesezeit\" \/>\n\t<meta name=\"twitter:data2\" content=\"1\u00a0Minute\" \/>\n<script type=\"application\/ld+json\" class=\"yoast-schema-graph\">{\"@context\":\"https:\\\/\\\/schema.org\",\"@graph\":[{\"@type\":\"Article\",\"@id\":\"https:\\\/\\\/transportjournal.com\\\/de\\\/2026\\\/01\\\/19\\\/fs-logistix-uebernimmt-rangierdienste-antwerpen\\\/#article\",\"isPartOf\":{\"@id\":\"https:\\\/\\\/transportjournal.com\\\/de\\\/2026\\\/01\\\/19\\\/fs-logistix-uebernimmt-rangierdienste-antwerpen\\\/\"},\"author\":{\"name\":\"Jeremy Soland\",\"@id\":\"https:\\\/\\\/transportjournal.com\\\/de\\\/#\\\/schema\\\/person\\\/41d36b5474b623392fa613e97e2363fa\"},\"headline\":\"FS Logistix \u00fcbernimmt Rangierdienste Antwerpen\",\"datePublished\":\"2026-01-19T09:40:06+00:00\",\"dateModified\":\"2026-01-19T10:45:36+00:00\",\"mainEntityOfPage\":{\"@id\":\"https:\\\/\\\/transportjournal.com\\\/de\\\/2026\\\/01\\\/19\\\/fs-logistix-uebernimmt-rangierdienste-antwerpen\\\/\"},\"wordCount\":140,\"commentCount\":0,\"publisher\":{\"@id\":\"https:\\\/\\\/transportjournal.com\\\/de\\\/#organization\"},\"image\":{\"@id\":\"https:\\\/\\\/transportjournal.com\\\/de\\\/2026\\\/01\\\/19\\\/fs-logistix-uebernimmt-rangierdienste-antwerpen\\\/#primaryimage\"},\"thumbnailUrl\":\"https:\\\/\\\/transportjournal.com\\\/wp-content\\\/uploads\\\/sites\\\/2\\\/2026\\\/01\\\/HSL-Belgium_zone-6A_DE18-hybrid-locomotive_The-Lion_\u00a9Henk-Zwoferink-aspect-ratio-1400-788.jpg\",\"keywords\":[\"commercial traffic Belgium Italy\",\"corridors de transport europ\u00e9ens\",\"Deutsch Rangierdienste Antwerpen\",\"Digitalisierung in der Logistik\",\"digitization in logistics\",\"durabilit\u00e9 dans le transport\",\"efficacit\u00e9 du fret ferroviaire\",\"Effizienz Schieneng\u00fcterdienste\",\"europ\u00e4ische Transportkorridore\",\"European transport corridors\",\"Fachkr\u00e4ftemangel Logistik\",\"fret ferroviaire Belgique\",\"FS Logistix\",\"Hafenbetrieb Antwerpen\",\"Hafeninfrastruktur Antwerpen\",\"HSL Belgium\",\"industrie du transport\",\"infrastructure portuaire Anvers\",\"integrated logistics\",\"integrierte Logistik\",\"international logistics\",\"internationale Logistik\",\"kommerzieller Verkehr Belgien Italien\",\"labor shortage logistics\",\"logistics partnerships Fran\u00e7ais services de man\u0153uvre Anvers\",\"logistics service providers Europe\",\"Logistikdienstleister Europa\",\"Logistikpartnerschaften English shunting services Antwerp\",\"logistique int\u00e9gr\u00e9e\",\"logistique internationale\",\"Mainhub terminal Antwerp\",\"Mainhub-Terminal Antwerpen\",\"Nachhaltigkeit im Transport\",\"num\u00e9risation dans la logistique\",\"op\u00e9rations portuaires Anvers\",\"partenariats logistiques\",\"p\u00e9nurie de main-d'\u0153uvre logistique\",\"port infrastructure Antwerp\",\"port operations Antwerp\",\"prestataires de services logistiques Europe\",\"rail freight Belgium\",\"rail freight efficiency\",\"rail network Europe\",\"r\u00e9seau ferroviaire Europe\",\"Schieneng\u00fcterverkehr Belgien\",\"Schienenverkehrsnetz Europa\",\"sustainability in transport\",\"terminal Mainhub Anvers\",\"trafic commercial Belgique Italie\",\"transport industry\",\"Transportwirtschaft\",\"TX Logistics\",\"TX Logistik\"],\"articleSection\":[\"Europa\",\"Intermodal \\\/ Stra\u00dfe\"],\"inLanguage\":\"de\",\"potentialAction\":[{\"@type\":\"CommentAction\",\"name\":\"Comment\",\"target\":[\"https:\\\/\\\/transportjournal.com\\\/de\\\/2026\\\/01\\\/19\\\/fs-logistix-uebernimmt-rangierdienste-antwerpen\\\/#respond\"]}]},{\"@type\":\"WebPage\",\"@id\":\"https:\\\/\\\/transportjournal.com\\\/de\\\/2026\\\/01\\\/19\\\/fs-logistix-uebernimmt-rangierdienste-antwerpen\\\/\",\"url\":\"https:\\\/\\\/transportjournal.com\\\/de\\\/2026\\\/01\\\/19\\\/fs-logistix-uebernimmt-rangierdienste-antwerpen\\\/\",\"name\":\"FS Logistix \u00fcbernimmt Rangierdienste Antwerpen - ITJ | International Transport Journal\",\"isPartOf\":{\"@id\":\"https:\\\/\\\/transportjournal.com\\\/de\\\/#website\"},\"primaryImageOfPage\":{\"@id\":\"https:\\\/\\\/transportjournal.com\\\/de\\\/2026\\\/01\\\/19\\\/fs-logistix-uebernimmt-rangierdienste-antwerpen\\\/#primaryimage\"},\"image\":{\"@id\":\"https:\\\/\\\/transportjournal.com\\\/de\\\/2026\\\/01\\\/19\\\/fs-logistix-uebernimmt-rangierdienste-antwerpen\\\/#primaryimage\"},\"thumbnailUrl\":\"https:\\\/\\\/transportjournal.com\\\/wp-content\\\/uploads\\\/sites\\\/2\\\/2026\\\/01\\\/HSL-Belgium_zone-6A_DE18-hybrid-locomotive_The-Lion_\u00a9Henk-Zwoferink-aspect-ratio-1400-788.jpg\",\"datePublished\":\"2026-01-19T09:40:06+00:00\",\"dateModified\":\"2026-01-19T10:45:36+00:00\",\"breadcrumb\":{\"@id\":\"https:\\\/\\\/transportjournal.com\\\/de\\\/2026\\\/01\\\/19\\\/fs-logistix-uebernimmt-rangierdienste-antwerpen\\\/#breadcrumb\"},\"inLanguage\":\"de\",\"potentialAction\":[{\"@type\":\"ReadAction\",\"target\":[\"https:\\\/\\\/transportjournal.com\\\/de\\\/2026\\\/01\\\/19\\\/fs-logistix-uebernimmt-rangierdienste-antwerpen\\\/\"]}]},{\"@type\":\"ImageObject\",\"inLanguage\":\"de\",\"@id\":\"https:\\\/\\\/transportjournal.com\\\/de\\\/2026\\\/01\\\/19\\\/fs-logistix-uebernimmt-rangierdienste-antwerpen\\\/#primaryimage\",\"url\":\"https:\\\/\\\/transportjournal.com\\\/wp-content\\\/uploads\\\/sites\\\/2\\\/2026\\\/01\\\/HSL-Belgium_zone-6A_DE18-hybrid-locomotive_The-Lion_\u00a9Henk-Zwoferink-aspect-ratio-1400-788.jpg\",\"contentUrl\":\"https:\\\/\\\/transportjournal.com\\\/wp-content\\\/uploads\\\/sites\\\/2\\\/2026\\\/01\\\/HSL-Belgium_zone-6A_DE18-hybrid-locomotive_The-Lion_\u00a9Henk-Zwoferink-aspect-ratio-1400-788.jpg\",\"width\":1492,\"height\":839},{\"@type\":\"BreadcrumbList\",\"@id\":\"https:\\\/\\\/transportjournal.com\\\/de\\\/2026\\\/01\\\/19\\\/fs-logistix-uebernimmt-rangierdienste-antwerpen\\\/#breadcrumb\",\"itemListElement\":[{\"@type\":\"ListItem\",\"position\":1,\"name\":\"Startseite\",\"item\":\"https:\\\/\\\/transportjournal.com\\\/de\\\/\"},{\"@type\":\"ListItem\",\"position\":2,\"name\":\"FS Logistix \u00fcbernimmt Rangierdienste Antwerpen\"}]},{\"@type\":\"WebSite\",\"@id\":\"https:\\\/\\\/transportjournal.com\\\/de\\\/#website\",\"url\":\"https:\\\/\\\/transportjournal.com\\\/de\\\/\",\"name\":\"ITJ | International Transport Journal\",\"description\":\"Stay informed with the latest global news from the transport, logistics, and supply chain industries. Transport Journal delivers expert insights, analysis, and updates across shipping, aviation, intermodal, and forwarding.\",\"publisher\":{\"@id\":\"https:\\\/\\\/transportjournal.com\\\/de\\\/#organization\"},\"potentialAction\":[{\"@type\":\"SearchAction\",\"target\":{\"@type\":\"EntryPoint\",\"urlTemplate\":\"https:\\\/\\\/transportjournal.com\\\/de\\\/?s={search_term_string}\"},\"query-input\":{\"@type\":\"PropertyValueSpecification\",\"valueRequired\":true,\"valueName\":\"search_term_string\"}}],\"inLanguage\":\"de\"},{\"@type\":\"Organization\",\"@id\":\"https:\\\/\\\/transportjournal.com\\\/de\\\/#organization\",\"name\":\"Groupe Logismedia AG\",\"alternateName\":\"Logismedia Group AG\",\"url\":\"https:\\\/\\\/transportjournal.com\\\/de\\\/\",\"logo\":{\"@type\":\"ImageObject\",\"inLanguage\":\"de\",\"@id\":\"https:\\\/\\\/transportjournal.com\\\/de\\\/#\\\/schema\\\/logo\\\/image\\\/\",\"url\":\"https:\\\/\\\/transportjournal.com\\\/wp-content\\\/uploads\\\/sites\\\/2\\\/2025\\\/09\\\/Logo_ITJ.png\",\"contentUrl\":\"https:\\\/\\\/transportjournal.com\\\/wp-content\\\/uploads\\\/sites\\\/2\\\/2025\\\/09\\\/Logo_ITJ.png\",\"width\":799,\"height\":326,\"caption\":\"Groupe Logismedia AG\"},\"image\":{\"@id\":\"https:\\\/\\\/transportjournal.com\\\/de\\\/#\\\/schema\\\/logo\\\/image\\\/\"},\"sameAs\":[\"https:\\\/\\\/www.linkedin.com\\\/company\\\/56456496\\\/admin\\\/dashboard\\\/\",\"https:\\\/\\\/www.instagram.com\\\/logismediagroup\\\/\",\"https:\\\/\\\/www.youtube.com\\\/@LogiamediaGroupAG\"]},{\"@type\":\"Person\",\"@id\":\"https:\\\/\\\/transportjournal.com\\\/de\\\/#\\\/schema\\\/person\\\/41d36b5474b623392fa613e97e2363fa\",\"name\":\"Jeremy Soland\",\"url\":\"https:\\\/\\\/transportjournal.com\\\/de\\\/author\\\/jeremy\\\/\"}]}<\/script>\n<!-- \/ Yoast SEO plugin. -->","yoast_head_json":{"title":"FS Logistix \u00fcbernimmt Rangierdienste Antwerpen - ITJ | International Transport Journal","robots":{"index":"index","follow":"follow","max-snippet":"max-snippet:-1","max-image-preview":"max-image-preview:large","max-video-preview":"max-video-preview:-1"},"canonical":"https:\/\/transportjournal.com\/de\/2026\/01\/19\/fs-logistix-uebernimmt-rangierdienste-antwerpen\/","og_locale":"de_DE","og_type":"article","og_title":"FS Logistix \u00fcbernimmt Rangierdienste Antwerpen - ITJ | International Transport Journal","og_description":"FS Logistix \u00fcbernimmt die Rangierdienste im Hafen von Antwerpen, um die Effizienz der Schieneng\u00fcterdienste zu verbessern.","og_url":"https:\/\/transportjournal.com\/de\/2026\/01\/19\/fs-logistix-uebernimmt-rangierdienste-antwerpen\/","og_site_name":"ITJ | International Transport Journal","article_published_time":"2026-01-19T09:40:06+00:00","article_modified_time":"2026-01-19T10:45:36+00:00","og_image":[{"width":1492,"height":839,"url":"https:\/\/transportjournal.com\/wp-content\/uploads\/sites\/2\/2026\/01\/HSL-Belgium_zone-6A_DE18-hybrid-locomotive_The-Lion_\u00a9Henk-Zwoferink-aspect-ratio-1400-788.jpg","type":"image\/jpeg"}],"author":"Jeremy Soland","twitter_card":"summary_large_image","twitter_misc":{"Verfasst von":"Jeremy Soland","Gesch\u00e4tzte Lesezeit":"1\u00a0Minute"},"schema":{"@context":"https:\/\/schema.org","@graph":[{"@type":"Article","@id":"https:\/\/transportjournal.com\/de\/2026\/01\/19\/fs-logistix-uebernimmt-rangierdienste-antwerpen\/#article","isPartOf":{"@id":"https:\/\/transportjournal.com\/de\/2026\/01\/19\/fs-logistix-uebernimmt-rangierdienste-antwerpen\/"},"author":{"name":"Jeremy Soland","@id":"https:\/\/transportjournal.com\/de\/#\/schema\/person\/41d36b5474b623392fa613e97e2363fa"},"headline":"FS Logistix \u00fcbernimmt Rangierdienste Antwerpen","datePublished":"2026-01-19T09:40:06+00:00","dateModified":"2026-01-19T10:45:36+00:00","mainEntityOfPage":{"@id":"https:\/\/transportjournal.com\/de\/2026\/01\/19\/fs-logistix-uebernimmt-rangierdienste-antwerpen\/"},"wordCount":140,"commentCount":0,"publisher":{"@id":"https:\/\/transportjournal.com\/de\/#organization"},"image":{"@id":"https:\/\/transportjournal.com\/de\/2026\/01\/19\/fs-logistix-uebernimmt-rangierdienste-antwerpen\/#primaryimage"},"thumbnailUrl":"https:\/\/transportjournal.com\/wp-content\/uploads\/sites\/2\/2026\/01\/HSL-Belgium_zone-6A_DE18-hybrid-locomotive_The-Lion_\u00a9Henk-Zwoferink-aspect-ratio-1400-788.jpg","keywords":["commercial traffic Belgium Italy","corridors de transport europ\u00e9ens","Deutsch Rangierdienste Antwerpen","Digitalisierung in der Logistik","digitization in logistics","durabilit\u00e9 dans le transport","efficacit\u00e9 du fret ferroviaire","Effizienz Schieneng\u00fcterdienste","europ\u00e4ische Transportkorridore","European transport corridors","Fachkr\u00e4ftemangel Logistik","fret ferroviaire Belgique","FS Logistix","Hafenbetrieb Antwerpen","Hafeninfrastruktur Antwerpen","HSL Belgium","industrie du transport","infrastructure portuaire Anvers","integrated logistics","integrierte Logistik","international logistics","internationale Logistik","kommerzieller Verkehr Belgien Italien","labor shortage logistics","logistics partnerships Fran\u00e7ais services de man\u0153uvre Anvers","logistics service providers Europe","Logistikdienstleister Europa","Logistikpartnerschaften English shunting services Antwerp","logistique int\u00e9gr\u00e9e","logistique internationale","Mainhub terminal Antwerp","Mainhub-Terminal Antwerpen","Nachhaltigkeit im Transport","num\u00e9risation dans la logistique","op\u00e9rations portuaires Anvers","partenariats logistiques","p\u00e9nurie de main-d'\u0153uvre logistique","port infrastructure Antwerp","port operations Antwerp","prestataires de services logistiques Europe","rail freight Belgium","rail freight efficiency","rail network Europe","r\u00e9seau ferroviaire Europe","Schieneng\u00fcterverkehr Belgien","Schienenverkehrsnetz Europa","sustainability in transport","terminal Mainhub Anvers","trafic commercial Belgique Italie","transport industry","Transportwirtschaft","TX Logistics","TX Logistik"],"articleSection":["Europa","Intermodal \/ Stra\u00dfe"],"inLanguage":"de","potentialAction":[{"@type":"CommentAction","name":"Comment","target":["https:\/\/transportjournal.com\/de\/2026\/01\/19\/fs-logistix-uebernimmt-rangierdienste-antwerpen\/#respond"]}]},{"@type":"WebPage","@id":"https:\/\/transportjournal.com\/de\/2026\/01\/19\/fs-logistix-uebernimmt-rangierdienste-antwerpen\/","url":"https:\/\/transportjournal.com\/de\/2026\/01\/19\/fs-logistix-uebernimmt-rangierdienste-antwerpen\/","name":"FS Logistix \u00fcbernimmt Rangierdienste Antwerpen - ITJ | International Transport Journal","isPartOf":{"@id":"https:\/\/transportjournal.com\/de\/#website"},"primaryImageOfPage":{"@id":"https:\/\/transportjournal.com\/de\/2026\/01\/19\/fs-logistix-uebernimmt-rangierdienste-antwerpen\/#primaryimage"},"image":{"@id":"https:\/\/transportjournal.com\/de\/2026\/01\/19\/fs-logistix-uebernimmt-rangierdienste-antwerpen\/#primaryimage"},"thumbnailUrl":"https:\/\/transportjournal.com\/wp-content\/uploads\/sites\/2\/2026\/01\/HSL-Belgium_zone-6A_DE18-hybrid-locomotive_The-Lion_\u00a9Henk-Zwoferink-aspect-ratio-1400-788.jpg","datePublished":"2026-01-19T09:40:06+00:00","dateModified":"2026-01-19T10:45:36+00:00","breadcrumb":{"@id":"https:\/\/transportjournal.com\/de\/2026\/01\/19\/fs-logistix-uebernimmt-rangierdienste-antwerpen\/#breadcrumb"},"inLanguage":"de","potentialAction":[{"@type":"ReadAction","target":["https:\/\/transportjournal.com\/de\/2026\/01\/19\/fs-logistix-uebernimmt-rangierdienste-antwerpen\/"]}]},{"@type":"ImageObject","inLanguage":"de","@id":"https:\/\/transportjournal.com\/de\/2026\/01\/19\/fs-logistix-uebernimmt-rangierdienste-antwerpen\/#primaryimage","url":"https:\/\/transportjournal.com\/wp-content\/uploads\/sites\/2\/2026\/01\/HSL-Belgium_zone-6A_DE18-hybrid-locomotive_The-Lion_\u00a9Henk-Zwoferink-aspect-ratio-1400-788.jpg","contentUrl":"https:\/\/transportjournal.com\/wp-content\/uploads\/sites\/2\/2026\/01\/HSL-Belgium_zone-6A_DE18-hybrid-locomotive_The-Lion_\u00a9Henk-Zwoferink-aspect-ratio-1400-788.jpg","width":1492,"height":839},{"@type":"BreadcrumbList","@id":"https:\/\/transportjournal.com\/de\/2026\/01\/19\/fs-logistix-uebernimmt-rangierdienste-antwerpen\/#breadcrumb","itemListElement":[{"@type":"ListItem","position":1,"name":"Startseite","item":"https:\/\/transportjournal.com\/de\/"},{"@type":"ListItem","position":2,"name":"FS Logistix \u00fcbernimmt Rangierdienste Antwerpen"}]},{"@type":"WebSite","@id":"https:\/\/transportjournal.com\/de\/#website","url":"https:\/\/transportjournal.com\/de\/","name":"ITJ | International Transport Journal","description":"Stay informed with the latest global news from the transport, logistics, and supply chain industries. Transport Journal delivers expert insights, analysis, and updates across shipping, aviation, intermodal, and forwarding.","publisher":{"@id":"https:\/\/transportjournal.com\/de\/#organization"},"potentialAction":[{"@type":"SearchAction","target":{"@type":"EntryPoint","urlTemplate":"https:\/\/transportjournal.com\/de\/?s={search_term_string}"},"query-input":{"@type":"PropertyValueSpecification","valueRequired":true,"valueName":"search_term_string"}}],"inLanguage":"de"},{"@type":"Organization","@id":"https:\/\/transportjournal.com\/de\/#organization","name":"Groupe Logismedia AG","alternateName":"Logismedia Group AG","url":"https:\/\/transportjournal.com\/de\/","logo":{"@type":"ImageObject","inLanguage":"de","@id":"https:\/\/transportjournal.com\/de\/#\/schema\/logo\/image\/","url":"https:\/\/transportjournal.com\/wp-content\/uploads\/sites\/2\/2025\/09\/Logo_ITJ.png","contentUrl":"https:\/\/transportjournal.com\/wp-content\/uploads\/sites\/2\/2025\/09\/Logo_ITJ.png","width":799,"height":326,"caption":"Groupe Logismedia AG"},"image":{"@id":"https:\/\/transportjournal.com\/de\/#\/schema\/logo\/image\/"},"sameAs":["https:\/\/www.linkedin.com\/company\/56456496\/admin\/dashboard\/","https:\/\/www.instagram.com\/logismediagroup\/","https:\/\/www.youtube.com\/@LogiamediaGroupAG"]},{"@type":"Person","@id":"https:\/\/transportjournal.com\/de\/#\/schema\/person\/41d36b5474b623392fa613e97e2363fa","name":"Jeremy Soland","url":"https:\/\/transportjournal.com\/de\/author\/jeremy\/"}]}},"_links":{"self":[{"href":"https:\/\/transportjournal.com\/de\/wp-json\/wp\/v2\/posts\/73400","targetHints":{"allow":["GET"]}}],"collection":[{"href":"https:\/\/transportjournal.com\/de\/wp-json\/wp\/v2\/posts"}],"about":[{"href":"https:\/\/transportjournal.com\/de\/wp-json\/wp\/v2\/types\/post"}],"author":[{"embeddable":true,"href":"https:\/\/transportjournal.com\/de\/wp-json\/wp\/v2\/users\/10"}],"replies":[{"embeddable":true,"href":"https:\/\/transportjournal.com\/de\/wp-json\/wp\/v2\/comments?post=73400"}],"version-history":[{"count":1,"href":"https:\/\/transportjournal.com\/de\/wp-json\/wp\/v2\/posts\/73400\/revisions"}],"predecessor-version":[{"id":73407,"href":"https:\/\/transportjournal.com\/de\/wp-json\/wp\/v2\/posts\/73400\/revisions\/73407"}],"wp:featuredmedia":[{"embeddable":true,"href":"https:\/\/transportjournal.com\/de\/wp-json\/wp\/v2\/media\/73399"}],"wp:attachment":[{"href":"https:\/\/transportjournal.com\/de\/wp-json\/wp\/v2\/media?parent=73400"}],"wp:term":[{"taxonomy":"category","embeddable":true,"href":"https:\/\/transportjournal.com\/de\/wp-json\/wp\/v2\/categories?post=73400"},{"taxonomy":"post_tag","embeddable":true,"href":"https:\/\/transportjournal.com\/de\/wp-json\/wp\/v2\/tags?post=73400"}],"curies":[{"name":"wp","href":"https:\/\/api.w.org\/{rel}","templated":true}]}}