{"id":73369,"date":"2026-01-19T08:26:09","date_gmt":"2026-01-19T08:26:09","guid":{"rendered":"https:\/\/transportjournal.com\/2026\/01\/19\/maersk-air-cargo-neues-era-mitglied\/"},"modified":"2026-01-19T15:58:41","modified_gmt":"2026-01-19T14:58:41","slug":"maersk-air-cargo-neues-era-mitglied","status":"publish","type":"post","link":"https:\/\/transportjournal.com\/de\/2026\/01\/19\/maersk-air-cargo-neues-era-mitglied\/","title":{"rendered":"Maersk Air Cargo neues ERA-Mitglied"},"content":{"rendered":"<p>Die European Regions Airline Association (ERA) hat bekannt gegeben, dass Maersk Air Cargo als neues Mitglied in die Vereinigung aufgenommen wurde. Diese Mitgliedschaft soll die Vertretung der vielf\u00e4ltigen und sich entwickelnden Luftfahrtlandschaft in Europa st\u00e4rken.<\/p>\n<p>Maersk Air Cargo spielt eine zentrale Rolle in der integrierten Logistikstrategie von Maersk und bringt jahrzehntelange Erfahrung im Luftfrachtbereich mit. Die Airline betreibt Drehkreuze in D\u00e4nemark, Deutschland, Belgien, dem Vereinigten K\u00f6nigreich und China und verbindet \u00fcber 30 Flugh\u00e4fen weltweit durch planm\u00e4ssige Fl\u00fcge. Dar\u00fcber hinaus werden zus\u00e4tzliche Flugh\u00e4fen durch Charterfl\u00fcge bedient. Die Flotte umfasst 19 Flugzeuge, darunter Boeing 777 und 767, die w\u00f6chentlich \u00fcber 400 Flugbewegungen in einem wachsenden globalen Netzwerk durchf\u00fchren.<\/p>\n<h3>Erweiterung der Luftfrachtkompetenz<\/h3>\n<p>Lars Jordahn, CEO von Maersk Air Cargo, \u00e4u\u00dferte sich erfreut \u00fcber die Mitgliedschaft: \u201eMaersk Air Cargo ist begeistert, der ERA beizutreten, um unsere regionale und europ\u00e4ische Stimme zu st\u00e4rken, w\u00e4hrend wir unsere Pr\u00e4senz und unseren Beitrag zur Gestaltung der Zukunft der Luftfracht ausbauen.\u201c<\/p>\n<p>Montserrat Barriga, Generaldirektorin der ERA, betonte die Bedeutung von Maersk Air Cargo f\u00fcr die Gemeinschaft der Fluggesellschaften in der ERA: \u201eMaersk Air Cargo bringt bedeutende Expertise im Bereich Luftfracht und eine starke integrierte Logistikperspektive in die Airline-Community der ERA ein. Luftfracht ist ein wesentlicher Faktor f\u00fcr die europ\u00e4ische und globale Konnektivit\u00e4t, und der zukunftsorientierte Ansatz von Maersk Air Cargo, kombiniert mit seiner operativen Skalierung und dem Fokus auf Nachhaltigkeit, tr\u00e4gt erheblich zu unserem gemeinsamen Engagement in Europa bei.\u201c<\/p>\n<p>Die Mitgliedschaft von Maersk Air Cargo unterstreicht die Rolle der ERA als Stimme f\u00fcr Passagier- und Frachtfluggesellschaften, die in Europa und dar\u00fcber hinaus t\u00e4tig sind. W\u00e4hrend Maersk Air Cargo weiterhin seine Operationen ausbaut und umweltbewusste Praktiken verfolgt, wird die Zusammenarbeit mit der ERA als wertvoll erachtet, um die Interessen der Luftfahrtbranche zu vertreten.<\/p>\n<p>&nbsp;<\/p>\n<p><a href=\"https:\/\/www.eraa.org\/\" target=\"_blank\" rel=\"noopener noreferrer\">www.era.org<\/a><\/p>\n<p>&nbsp;<\/p>\n<p><a href=\"https:\/\/www.maersk.com\/\" target=\"_blank\" rel=\"noopener noreferrer\">www.maersk.com<\/a><\/p>\n<p>&nbsp;<\/p>\n","protected":false},"excerpt":{"rendered":"<p>Maersk Air Cargo wurde als neues Mitglied in die European Regions Airline Association aufgenommen, um die Luftfahrtlandschaft in Europa zu st\u00e4rken und die Interessen der Branche zu vertreten.<\/p>\n","protected":false},"author":12,"featured_media":73481,"comment_status":"open","ping_status":"open","sticky":false,"template":"","format":"standard","meta":{"_acf_changed":false,"footnotes":""},"categories":[1575,1570,1573],"tags":[6427,2648,6428,3447,6429,6430,6431,6432,6433,4364,6434,6435,6436,6437,6438,6439,6440,6441,6093,6442,6443,6444,6445,6446,6447,6448,6449,6450,6451,6452,6453,6454,6455,6456,2655,6457,6458,6459,2821,1831,6460,1962,6461,3472,6462,3475,4395,2829,6463,6464,4403,6465,6466,6467],"class_list":["post-73369","post","type-post","status-publish","format-standard","has-post-thumbnail","hentry","category-europa","category-luftfracht","category-regionen","tag-adhesion-era","tag-air-freight","tag-air-freight-expertise","tag-air-freight-market","tag-air-transport-strategy","tag-airlines-europe","tag-airport-connections","tag-allemagne","tag-association-europeenne-des-regions-aeriennes","tag-aviation-durable","tag-belgien","tag-belgique","tag-belgium","tag-boeing-777","tag-charter-flights","tag-charterfluege","tag-china-english-maersk-air-cargo","tag-china-francais-maersk-air-cargo","tag-chine","tag-compagnies-aeriennes-europe","tag-connectivite-europeenne","tag-connexions-aeroportuaires","tag-daenemark","tag-denmark","tag-deutsch-maersk-air-cargo","tag-deutschland","tag-era-membership","tag-era-mitgliedschaft","tag-europaeische-konnektivitaet","tag-european-connectivity","tag-european-regions-airline-association","tag-expertise-en-fret-aerien","tag-fluggesellschaften-europa","tag-flughafenverbindungen","tag-fret-aerien","tag-germany","tag-integrated-logistics","tag-integrierte-logistik","tag-logistics-providers","tag-logistikdienstleister","tag-logistique-integree","tag-luftfracht","tag-luftfrachtkompetenz","tag-luftfrachtmarkt","tag-luftverkehrsstrategie","tag-marche-du-fret-aerien","tag-nachhaltige-luftfahrt","tag-prestataires-logistiques","tag-royaume-uni","tag-strategie-de-transport-aerien","tag-sustainable-aviation","tag-united-kingdom","tag-vereinigtes-koenigreich","tag-vols-charter"],"acf":[],"yoast_head":"<!-- This site is optimized with the Yoast SEO plugin v27.3 - https:\/\/yoast.com\/product\/yoast-seo-wordpress\/ -->\n<title>Maersk Air Cargo neues ERA-Mitglied - ITJ | International Transport Journal<\/title>\n<meta name=\"robots\" content=\"index, follow, max-snippet:-1, max-image-preview:large, max-video-preview:-1\" \/>\n<link rel=\"canonical\" href=\"https:\/\/transportjournal.com\/de\/2026\/01\/19\/maersk-air-cargo-neues-era-mitglied\/\" \/>\n<meta property=\"og:locale\" content=\"de_DE\" \/>\n<meta property=\"og:type\" content=\"article\" \/>\n<meta property=\"og:title\" content=\"Maersk Air Cargo neues ERA-Mitglied - ITJ | International Transport Journal\" \/>\n<meta property=\"og:description\" content=\"Maersk Air Cargo wurde als neues Mitglied in die European Regions Airline Association aufgenommen, um die Luftfahrtlandschaft in Europa zu st\u00e4rken und die Interessen der Branche zu vertreten.\" \/>\n<meta property=\"og:url\" content=\"https:\/\/transportjournal.com\/de\/2026\/01\/19\/maersk-air-cargo-neues-era-mitglied\/\" \/>\n<meta property=\"og:site_name\" content=\"ITJ | International Transport Journal\" \/>\n<meta property=\"article:published_time\" content=\"2026-01-19T08:26:09+00:00\" \/>\n<meta property=\"article:modified_time\" content=\"2026-01-19T14:58:41+00:00\" \/>\n<meta name=\"author\" content=\"Andreas Haug\" \/>\n<meta name=\"twitter:card\" content=\"summary_large_image\" \/>\n<meta name=\"twitter:label1\" content=\"Verfasst von\" \/>\n\t<meta name=\"twitter:data1\" content=\"Andreas Haug\" \/>\n\t<meta name=\"twitter:label2\" content=\"Gesch\u00e4tzte Lesezeit\" \/>\n\t<meta name=\"twitter:data2\" content=\"2\u00a0Minute\" \/>\n<script type=\"application\/ld+json\" class=\"yoast-schema-graph\">{\"@context\":\"https:\\\/\\\/schema.org\",\"@graph\":[{\"@type\":\"Article\",\"@id\":\"https:\\\/\\\/transportjournal.com\\\/de\\\/2026\\\/01\\\/19\\\/maersk-air-cargo-neues-era-mitglied\\\/#article\",\"isPartOf\":{\"@id\":\"https:\\\/\\\/transportjournal.com\\\/de\\\/2026\\\/01\\\/19\\\/maersk-air-cargo-neues-era-mitglied\\\/\"},\"author\":{\"name\":\"Andreas Haug\",\"@id\":\"https:\\\/\\\/transportjournal.com\\\/de\\\/#\\\/schema\\\/person\\\/cf538b3157f15afd7589245a4b3dbd25\"},\"headline\":\"Maersk Air Cargo neues ERA-Mitglied\",\"datePublished\":\"2026-01-19T08:26:09+00:00\",\"dateModified\":\"2026-01-19T14:58:41+00:00\",\"mainEntityOfPage\":{\"@id\":\"https:\\\/\\\/transportjournal.com\\\/de\\\/2026\\\/01\\\/19\\\/maersk-air-cargo-neues-era-mitglied\\\/\"},\"wordCount\":319,\"commentCount\":0,\"publisher\":{\"@id\":\"https:\\\/\\\/transportjournal.com\\\/de\\\/#organization\"},\"image\":{\"@id\":\"https:\\\/\\\/transportjournal.com\\\/de\\\/2026\\\/01\\\/19\\\/maersk-air-cargo-neues-era-mitglied\\\/#primaryimage\"},\"thumbnailUrl\":\"https:\\\/\\\/transportjournal.com\\\/wp-content\\\/uploads\\\/sites\\\/2\\\/2026\\\/01\\\/Maersk.jpg\",\"keywords\":[\"adh\u00e9sion ERA\",\"air freight\",\"air freight expertise\",\"air freight market\",\"air transport strategy\",\"airlines Europe\",\"airport connections\",\"Allemagne\",\"Association Europ\u00e9enne des R\u00e9gions A\u00e9riennes\",\"aviation durable\",\"Belgien\",\"Belgique\",\"Belgium\",\"Boeing 777\",\"charter flights\",\"Charterfl\u00fcge\",\"China English Maersk Air Cargo\",\"China Fran\u00e7ais Maersk Air Cargo\",\"Chine\",\"compagnies a\u00e9riennes Europe\",\"connectivit\u00e9 europ\u00e9enne\",\"connexions a\u00e9roportuaires\",\"D\u00e4nemark\",\"Denmark\",\"Deutsch Maersk Air Cargo\",\"Deutschland\",\"ERA membership\",\"ERA Mitgliedschaft\",\"europ\u00e4ische Konnektivit\u00e4t\",\"European connectivity\",\"European Regions Airline Association\",\"expertise en fret a\u00e9rien\",\"Fluggesellschaften Europa\",\"Flughafenverbindungen\",\"fret a\u00e9rien\",\"Germany\",\"integrated logistics\",\"integrierte Logistik\",\"logistics providers\",\"Logistikdienstleister\",\"logistique int\u00e9gr\u00e9e\",\"Luftfracht\",\"Luftfrachtkompetenz\",\"Luftfrachtmarkt\",\"Luftverkehrsstrategie\",\"march\u00e9 du fret a\u00e9rien\",\"nachhaltige Luftfahrt\",\"prestataires logistiques\",\"Royaume-Uni\",\"strat\u00e9gie de transport a\u00e9rien\",\"sustainable aviation\",\"United Kingdom\",\"Vereinigtes K\u00f6nigreich\",\"vols charter\"],\"articleSection\":[\"Europa\",\"Luftfracht\",\"Regionen\"],\"inLanguage\":\"de\",\"potentialAction\":[{\"@type\":\"CommentAction\",\"name\":\"Comment\",\"target\":[\"https:\\\/\\\/transportjournal.com\\\/de\\\/2026\\\/01\\\/19\\\/maersk-air-cargo-neues-era-mitglied\\\/#respond\"]}]},{\"@type\":\"WebPage\",\"@id\":\"https:\\\/\\\/transportjournal.com\\\/de\\\/2026\\\/01\\\/19\\\/maersk-air-cargo-neues-era-mitglied\\\/\",\"url\":\"https:\\\/\\\/transportjournal.com\\\/de\\\/2026\\\/01\\\/19\\\/maersk-air-cargo-neues-era-mitglied\\\/\",\"name\":\"Maersk Air Cargo neues ERA-Mitglied - ITJ | International Transport Journal\",\"isPartOf\":{\"@id\":\"https:\\\/\\\/transportjournal.com\\\/de\\\/#website\"},\"primaryImageOfPage\":{\"@id\":\"https:\\\/\\\/transportjournal.com\\\/de\\\/2026\\\/01\\\/19\\\/maersk-air-cargo-neues-era-mitglied\\\/#primaryimage\"},\"image\":{\"@id\":\"https:\\\/\\\/transportjournal.com\\\/de\\\/2026\\\/01\\\/19\\\/maersk-air-cargo-neues-era-mitglied\\\/#primaryimage\"},\"thumbnailUrl\":\"https:\\\/\\\/transportjournal.com\\\/wp-content\\\/uploads\\\/sites\\\/2\\\/2026\\\/01\\\/Maersk.jpg\",\"datePublished\":\"2026-01-19T08:26:09+00:00\",\"dateModified\":\"2026-01-19T14:58:41+00:00\",\"breadcrumb\":{\"@id\":\"https:\\\/\\\/transportjournal.com\\\/de\\\/2026\\\/01\\\/19\\\/maersk-air-cargo-neues-era-mitglied\\\/#breadcrumb\"},\"inLanguage\":\"de\",\"potentialAction\":[{\"@type\":\"ReadAction\",\"target\":[\"https:\\\/\\\/transportjournal.com\\\/de\\\/2026\\\/01\\\/19\\\/maersk-air-cargo-neues-era-mitglied\\\/\"]}]},{\"@type\":\"ImageObject\",\"inLanguage\":\"de\",\"@id\":\"https:\\\/\\\/transportjournal.com\\\/de\\\/2026\\\/01\\\/19\\\/maersk-air-cargo-neues-era-mitglied\\\/#primaryimage\",\"url\":\"https:\\\/\\\/transportjournal.com\\\/wp-content\\\/uploads\\\/sites\\\/2\\\/2026\\\/01\\\/Maersk.jpg\",\"contentUrl\":\"https:\\\/\\\/transportjournal.com\\\/wp-content\\\/uploads\\\/sites\\\/2\\\/2026\\\/01\\\/Maersk.jpg\",\"width\":720,\"height\":405},{\"@type\":\"BreadcrumbList\",\"@id\":\"https:\\\/\\\/transportjournal.com\\\/de\\\/2026\\\/01\\\/19\\\/maersk-air-cargo-neues-era-mitglied\\\/#breadcrumb\",\"itemListElement\":[{\"@type\":\"ListItem\",\"position\":1,\"name\":\"Startseite\",\"item\":\"https:\\\/\\\/transportjournal.com\\\/de\\\/\"},{\"@type\":\"ListItem\",\"position\":2,\"name\":\"Maersk Air Cargo neues ERA-Mitglied\"}]},{\"@type\":\"WebSite\",\"@id\":\"https:\\\/\\\/transportjournal.com\\\/de\\\/#website\",\"url\":\"https:\\\/\\\/transportjournal.com\\\/de\\\/\",\"name\":\"ITJ | International Transport Journal\",\"description\":\"Stay informed with the latest global news from the transport, logistics, and supply chain industries. Transport Journal delivers expert insights, analysis, and updates across shipping, aviation, intermodal, and forwarding.\",\"publisher\":{\"@id\":\"https:\\\/\\\/transportjournal.com\\\/de\\\/#organization\"},\"potentialAction\":[{\"@type\":\"SearchAction\",\"target\":{\"@type\":\"EntryPoint\",\"urlTemplate\":\"https:\\\/\\\/transportjournal.com\\\/de\\\/?s={search_term_string}\"},\"query-input\":{\"@type\":\"PropertyValueSpecification\",\"valueRequired\":true,\"valueName\":\"search_term_string\"}}],\"inLanguage\":\"de\"},{\"@type\":\"Organization\",\"@id\":\"https:\\\/\\\/transportjournal.com\\\/de\\\/#organization\",\"name\":\"Groupe Logismedia AG\",\"alternateName\":\"Logismedia Group AG\",\"url\":\"https:\\\/\\\/transportjournal.com\\\/de\\\/\",\"logo\":{\"@type\":\"ImageObject\",\"inLanguage\":\"de\",\"@id\":\"https:\\\/\\\/transportjournal.com\\\/de\\\/#\\\/schema\\\/logo\\\/image\\\/\",\"url\":\"https:\\\/\\\/transportjournal.com\\\/wp-content\\\/uploads\\\/sites\\\/2\\\/2025\\\/09\\\/Logo_ITJ.png\",\"contentUrl\":\"https:\\\/\\\/transportjournal.com\\\/wp-content\\\/uploads\\\/sites\\\/2\\\/2025\\\/09\\\/Logo_ITJ.png\",\"width\":799,\"height\":326,\"caption\":\"Groupe Logismedia AG\"},\"image\":{\"@id\":\"https:\\\/\\\/transportjournal.com\\\/de\\\/#\\\/schema\\\/logo\\\/image\\\/\"},\"sameAs\":[\"https:\\\/\\\/www.linkedin.com\\\/company\\\/56456496\\\/admin\\\/dashboard\\\/\",\"https:\\\/\\\/www.instagram.com\\\/logismediagroup\\\/\",\"https:\\\/\\\/www.youtube.com\\\/@LogiamediaGroupAG\"]},{\"@type\":\"Person\",\"@id\":\"https:\\\/\\\/transportjournal.com\\\/de\\\/#\\\/schema\\\/person\\\/cf538b3157f15afd7589245a4b3dbd25\",\"name\":\"Andreas Haug\",\"url\":\"https:\\\/\\\/transportjournal.com\\\/de\\\/author\\\/andreas\\\/\"}]}<\/script>\n<!-- \/ Yoast SEO plugin. -->","yoast_head_json":{"title":"Maersk Air Cargo neues ERA-Mitglied - ITJ | International Transport Journal","robots":{"index":"index","follow":"follow","max-snippet":"max-snippet:-1","max-image-preview":"max-image-preview:large","max-video-preview":"max-video-preview:-1"},"canonical":"https:\/\/transportjournal.com\/de\/2026\/01\/19\/maersk-air-cargo-neues-era-mitglied\/","og_locale":"de_DE","og_type":"article","og_title":"Maersk Air Cargo neues ERA-Mitglied - ITJ | International Transport Journal","og_description":"Maersk Air Cargo wurde als neues Mitglied in die European Regions Airline Association aufgenommen, um die Luftfahrtlandschaft in Europa zu st\u00e4rken und die Interessen der Branche zu vertreten.","og_url":"https:\/\/transportjournal.com\/de\/2026\/01\/19\/maersk-air-cargo-neues-era-mitglied\/","og_site_name":"ITJ | International Transport Journal","article_published_time":"2026-01-19T08:26:09+00:00","article_modified_time":"2026-01-19T14:58:41+00:00","author":"Andreas Haug","twitter_card":"summary_large_image","twitter_misc":{"Verfasst von":"Andreas Haug","Gesch\u00e4tzte Lesezeit":"2\u00a0Minute"},"schema":{"@context":"https:\/\/schema.org","@graph":[{"@type":"Article","@id":"https:\/\/transportjournal.com\/de\/2026\/01\/19\/maersk-air-cargo-neues-era-mitglied\/#article","isPartOf":{"@id":"https:\/\/transportjournal.com\/de\/2026\/01\/19\/maersk-air-cargo-neues-era-mitglied\/"},"author":{"name":"Andreas Haug","@id":"https:\/\/transportjournal.com\/de\/#\/schema\/person\/cf538b3157f15afd7589245a4b3dbd25"},"headline":"Maersk Air Cargo neues ERA-Mitglied","datePublished":"2026-01-19T08:26:09+00:00","dateModified":"2026-01-19T14:58:41+00:00","mainEntityOfPage":{"@id":"https:\/\/transportjournal.com\/de\/2026\/01\/19\/maersk-air-cargo-neues-era-mitglied\/"},"wordCount":319,"commentCount":0,"publisher":{"@id":"https:\/\/transportjournal.com\/de\/#organization"},"image":{"@id":"https:\/\/transportjournal.com\/de\/2026\/01\/19\/maersk-air-cargo-neues-era-mitglied\/#primaryimage"},"thumbnailUrl":"https:\/\/transportjournal.com\/wp-content\/uploads\/sites\/2\/2026\/01\/Maersk.jpg","keywords":["adh\u00e9sion ERA","air freight","air freight expertise","air freight market","air transport strategy","airlines Europe","airport connections","Allemagne","Association Europ\u00e9enne des R\u00e9gions A\u00e9riennes","aviation durable","Belgien","Belgique","Belgium","Boeing 777","charter flights","Charterfl\u00fcge","China English Maersk Air Cargo","China Fran\u00e7ais Maersk Air Cargo","Chine","compagnies a\u00e9riennes Europe","connectivit\u00e9 europ\u00e9enne","connexions a\u00e9roportuaires","D\u00e4nemark","Denmark","Deutsch Maersk Air Cargo","Deutschland","ERA membership","ERA Mitgliedschaft","europ\u00e4ische Konnektivit\u00e4t","European connectivity","European Regions Airline Association","expertise en fret a\u00e9rien","Fluggesellschaften Europa","Flughafenverbindungen","fret a\u00e9rien","Germany","integrated logistics","integrierte Logistik","logistics providers","Logistikdienstleister","logistique int\u00e9gr\u00e9e","Luftfracht","Luftfrachtkompetenz","Luftfrachtmarkt","Luftverkehrsstrategie","march\u00e9 du fret a\u00e9rien","nachhaltige Luftfahrt","prestataires logistiques","Royaume-Uni","strat\u00e9gie de transport a\u00e9rien","sustainable aviation","United Kingdom","Vereinigtes K\u00f6nigreich","vols charter"],"articleSection":["Europa","Luftfracht","Regionen"],"inLanguage":"de","potentialAction":[{"@type":"CommentAction","name":"Comment","target":["https:\/\/transportjournal.com\/de\/2026\/01\/19\/maersk-air-cargo-neues-era-mitglied\/#respond"]}]},{"@type":"WebPage","@id":"https:\/\/transportjournal.com\/de\/2026\/01\/19\/maersk-air-cargo-neues-era-mitglied\/","url":"https:\/\/transportjournal.com\/de\/2026\/01\/19\/maersk-air-cargo-neues-era-mitglied\/","name":"Maersk Air Cargo neues ERA-Mitglied - ITJ | International Transport Journal","isPartOf":{"@id":"https:\/\/transportjournal.com\/de\/#website"},"primaryImageOfPage":{"@id":"https:\/\/transportjournal.com\/de\/2026\/01\/19\/maersk-air-cargo-neues-era-mitglied\/#primaryimage"},"image":{"@id":"https:\/\/transportjournal.com\/de\/2026\/01\/19\/maersk-air-cargo-neues-era-mitglied\/#primaryimage"},"thumbnailUrl":"https:\/\/transportjournal.com\/wp-content\/uploads\/sites\/2\/2026\/01\/Maersk.jpg","datePublished":"2026-01-19T08:26:09+00:00","dateModified":"2026-01-19T14:58:41+00:00","breadcrumb":{"@id":"https:\/\/transportjournal.com\/de\/2026\/01\/19\/maersk-air-cargo-neues-era-mitglied\/#breadcrumb"},"inLanguage":"de","potentialAction":[{"@type":"ReadAction","target":["https:\/\/transportjournal.com\/de\/2026\/01\/19\/maersk-air-cargo-neues-era-mitglied\/"]}]},{"@type":"ImageObject","inLanguage":"de","@id":"https:\/\/transportjournal.com\/de\/2026\/01\/19\/maersk-air-cargo-neues-era-mitglied\/#primaryimage","url":"https:\/\/transportjournal.com\/wp-content\/uploads\/sites\/2\/2026\/01\/Maersk.jpg","contentUrl":"https:\/\/transportjournal.com\/wp-content\/uploads\/sites\/2\/2026\/01\/Maersk.jpg","width":720,"height":405},{"@type":"BreadcrumbList","@id":"https:\/\/transportjournal.com\/de\/2026\/01\/19\/maersk-air-cargo-neues-era-mitglied\/#breadcrumb","itemListElement":[{"@type":"ListItem","position":1,"name":"Startseite","item":"https:\/\/transportjournal.com\/de\/"},{"@type":"ListItem","position":2,"name":"Maersk Air Cargo neues ERA-Mitglied"}]},{"@type":"WebSite","@id":"https:\/\/transportjournal.com\/de\/#website","url":"https:\/\/transportjournal.com\/de\/","name":"ITJ | International Transport Journal","description":"Stay informed with the latest global news from the transport, logistics, and supply chain industries. Transport Journal delivers expert insights, analysis, and updates across shipping, aviation, intermodal, and forwarding.","publisher":{"@id":"https:\/\/transportjournal.com\/de\/#organization"},"potentialAction":[{"@type":"SearchAction","target":{"@type":"EntryPoint","urlTemplate":"https:\/\/transportjournal.com\/de\/?s={search_term_string}"},"query-input":{"@type":"PropertyValueSpecification","valueRequired":true,"valueName":"search_term_string"}}],"inLanguage":"de"},{"@type":"Organization","@id":"https:\/\/transportjournal.com\/de\/#organization","name":"Groupe Logismedia AG","alternateName":"Logismedia Group AG","url":"https:\/\/transportjournal.com\/de\/","logo":{"@type":"ImageObject","inLanguage":"de","@id":"https:\/\/transportjournal.com\/de\/#\/schema\/logo\/image\/","url":"https:\/\/transportjournal.com\/wp-content\/uploads\/sites\/2\/2025\/09\/Logo_ITJ.png","contentUrl":"https:\/\/transportjournal.com\/wp-content\/uploads\/sites\/2\/2025\/09\/Logo_ITJ.png","width":799,"height":326,"caption":"Groupe Logismedia AG"},"image":{"@id":"https:\/\/transportjournal.com\/de\/#\/schema\/logo\/image\/"},"sameAs":["https:\/\/www.linkedin.com\/company\/56456496\/admin\/dashboard\/","https:\/\/www.instagram.com\/logismediagroup\/","https:\/\/www.youtube.com\/@LogiamediaGroupAG"]},{"@type":"Person","@id":"https:\/\/transportjournal.com\/de\/#\/schema\/person\/cf538b3157f15afd7589245a4b3dbd25","name":"Andreas Haug","url":"https:\/\/transportjournal.com\/de\/author\/andreas\/"}]}},"_links":{"self":[{"href":"https:\/\/transportjournal.com\/de\/wp-json\/wp\/v2\/posts\/73369","targetHints":{"allow":["GET"]}}],"collection":[{"href":"https:\/\/transportjournal.com\/de\/wp-json\/wp\/v2\/posts"}],"about":[{"href":"https:\/\/transportjournal.com\/de\/wp-json\/wp\/v2\/types\/post"}],"author":[{"embeddable":true,"href":"https:\/\/transportjournal.com\/de\/wp-json\/wp\/v2\/users\/12"}],"replies":[{"embeddable":true,"href":"https:\/\/transportjournal.com\/de\/wp-json\/wp\/v2\/comments?post=73369"}],"version-history":[{"count":1,"href":"https:\/\/transportjournal.com\/de\/wp-json\/wp\/v2\/posts\/73369\/revisions"}],"predecessor-version":[{"id":73482,"href":"https:\/\/transportjournal.com\/de\/wp-json\/wp\/v2\/posts\/73369\/revisions\/73482"}],"wp:featuredmedia":[{"embeddable":true,"href":"https:\/\/transportjournal.com\/de\/wp-json\/wp\/v2\/media\/73481"}],"wp:attachment":[{"href":"https:\/\/transportjournal.com\/de\/wp-json\/wp\/v2\/media?parent=73369"}],"wp:term":[{"taxonomy":"category","embeddable":true,"href":"https:\/\/transportjournal.com\/de\/wp-json\/wp\/v2\/categories?post=73369"},{"taxonomy":"post_tag","embeddable":true,"href":"https:\/\/transportjournal.com\/de\/wp-json\/wp\/v2\/tags?post=73369"}],"curies":[{"name":"wp","href":"https:\/\/api.w.org\/{rel}","templated":true}]}}