{"id":73321,"date":"2026-01-16T10:05:45","date_gmt":"2026-01-16T10:05:45","guid":{"rendered":"https:\/\/transportjournal.com\/2026\/01\/16\/milan-tevel-neuer-geschaeftsfuehrer-bei-supermaritime\/"},"modified":"2026-01-16T10:05:45","modified_gmt":"2026-01-16T10:05:45","slug":"milan-tevel-neuer-geschaeftsfuehrer-bei-supermaritime","status":"publish","type":"post","link":"https:\/\/transportjournal.com\/de\/2026\/01\/16\/milan-tevel-neuer-geschaeftsfuehrer-bei-supermaritime\/","title":{"rendered":"Milan Tevel neuer Gesch\u00e4ftsf\u00fchrer bei Supermaritime"},"content":{"rendered":"<p>Supermaritime Nederland B.V. hat Milan Tevel zum neuen Gesch\u00e4ftsf\u00fchrer ernannt und erweitert seine Lagerkapazit\u00e4ten um fast 13.000 m\u00b2. Tevel hat seine Position am 1. Januar 2026 angetreten und folgt auf Martien Burger, der massgeblich an der Expansion des Unternehmens in den vergangenen Jahrzehnten beteiligt war.<\/p>\n<h3>Erweiterung der Logistikaktivit\u00e4ten<\/h3>\n<p>Das Unternehmen Supermaritime, das in den Bereichen Hafenumschlag, Lagerung und Breakbulk-Dienstleistungen t\u00e4tig ist, plant die Errichtung eines neuen Logistikkomplexes in Vlissingen. Dieser Schritt steht im Einklang mit den langfristigen Zielen des Unternehmens in der Region. Der neue Standort umfasst insgesamt 12.787 m\u00b2, darunter 10.956 m\u00b2 Lagerfl\u00e4che, 521 m\u00b2 B\u00fcrofl\u00e4che und 1.310 m\u00b2 Mezzaninefl\u00e4che. Die strategisch g\u00fcnstige Lage des Logistikzentrums erm\u00f6glicht hervorragende Anbindungen an Stra\u00dfen, Wasserwege und Schienen.<\/p>\n<p>Peter van der Laan, CEO der Supermaritime Group, \u00e4usserte sich zu den Ver\u00e4nderungen: \u201eWir werden unsere Kunden weiterhin mit dem gleichen Engagement und der gleichen Hingabe bedienen wie immer. Milan ist seit 2012 Teil unseres Unternehmens und bringt viel Erfahrung sowie eine klare Vision f\u00fcr die Zukunft mit. Wir haben volles Vertrauen in seine F\u00fchrung und freuen uns auf die weitere Zusammenarbeit unter seiner Leitung.\u201c<\/p>\n<h3>\u00dcbergabe der Gesch\u00e4ftsf\u00fchrung<\/h3>\n<p>Um einen reibungslosen \u00dcbergang zu gew\u00e4hrleisten, wird Martien Burger im kommenden Jahr als Berater bei Supermaritime bleiben und sowohl Milan Tevel als auch die Organisation w\u00e4hrend dieser \u00dcbergangsphase unterst\u00fctzen. Van der Laan w\u00fcrdigte Burgers langj\u00e4hrige Verdienste: \u201eNach vielen Jahren engagierter Arbeit \u00fcbergibt Martien nun seine Verantwortung als Gesch\u00e4ftsf\u00fchrer an Milan. Er hat eine bedeutende Rolle im Wachstum und in der Entwicklung unserer Organisation gespielt, und wir sprechen ihm unseren aufrichtigen Dank f\u00fcr sein langj\u00e4hriges Engagement und seinen Beitrag aus.\u201c<\/p>\n<p>Supermaritime ist ein international t\u00e4tiger Logistikdienstleister mit Hauptsitz in Rotterdam. Das Unternehmen bietet massgeschneiderte L\u00f6sungen f\u00fcr Kunden weltweit und hat sich auf Schiffsagenturen, Lagerung, Umschlag und Projektladung spezialisiert.<\/p>\n<p>&nbsp;<\/p>\n<p><a href=\"https:\/\/www.supermaritime.com\/\" target=\"_blank\" rel=\"noopener noreferrer\">www.supermaritime.com<\/a><\/p>\n<p>&nbsp;<\/p>\n","protected":false},"excerpt":{"rendered":"<p>Supermaritime Nederland B.V. hat Milan Tevel zum neuen Gesch\u00e4ftsf\u00fchrer ernannt und plant den Bau eines neuen Logistikkomplexes in Vlissingen.<\/p>\n","protected":false},"author":12,"featured_media":73320,"comment_status":"open","ping_status":"open","sticky":false,"template":"","format":"standard","meta":{"_acf_changed":false,"footnotes":""},"categories":[1575,1567,1573,1571,1569],"tags":[6229,6230,6231,6232,6233,6234,6235,6236,6237,3739,2115,2116,2221,6238,2700,6239,2123,6240,2125,3745,2075,2279,2280,6241,6242,6243,2469,1831,6244,2622,2282,6245,6246,6247,1800,3157,2720,3114,6248,2481,6249,6250,1884,6251,6252,6253,6254,2731,6255,6256,2106,2641,6257,2155,1837,6258,2157,2249],"class_list":["post-73321","post","type-post","status-publish","format-standard","has-post-thumbnail","hentry","category-europa","category-wechsel-weltweit","category-regionen","category-schiffahrt","category-logistik-spedition","tag-agences-maritimes","tag-augmentation-de-la-capacite-de-stockage","tag-breakbulk-services","tag-breakbulk-dienstleistungen","tag-chargement-de-projet","tag-choix-strategique-de-site","tag-complexe-logistique-a-vlissingen","tag-corporate-management","tag-deutsch-supermaritime","tag-developpement-des-infrastructures","tag-digitalisierung-in-der-logistik","tag-digitalization-in-logistics","tag-entreposage","tag-expanding-storage-capacity","tag-fachkraeftemangel-in-der-logistik","tag-gestion-dentreprise","tag-gestion-de-la-chaine-dapprovisionnement","tag-hafenumschlag","tag-industrie-du-transport","tag-infrastructure-development","tag-infrastrukturentwicklung","tag-international-logistics","tag-internationale-logistik","tag-lagerkapazitaeten-erweitern","tag-lagerung","tag-logistics-complex-vlissingen","tag-logistics-service-provider","tag-logistikdienstleister","tag-logistikkomplex-vlissingen","tag-logistique-durable","tag-logistique-internationale","tag-management-transition","tag-manutention-portuaire","tag-milan-tevel","tag-nachhaltige-logistik","tag-numerisation-dans-la-logistique","tag-penurie-de-main-doeuvre-dans-la-logistique","tag-port-de-rotterdam","tag-port-handling","tag-prestataire-logistique","tag-project-cargo","tag-projektladung","tag-rotterdam-hafen","tag-rotterdam-port","tag-schiffsagenturen","tag-services-de-breakbulk","tag-ship-agencies","tag-skills-shortage-in-logistics","tag-strategic-site-selection-francais-supermaritime","tag-strategische-standortwahl-english-supermaritime","tag-supply-chain-management","tag-sustainable-logistics","tag-transition-de-direction","tag-transport-industry","tag-transportwirtschaft","tag-uebergabe-der-geschaeftsfuehrung","tag-unternehmensfuehrung","tag-warehousing"],"acf":[],"yoast_head":"<!-- This site is optimized with the Yoast SEO plugin v27.3 - https:\/\/yoast.com\/product\/yoast-seo-wordpress\/ -->\n<title>Milan Tevel neuer Gesch\u00e4ftsf\u00fchrer bei Supermaritime - ITJ | International Transport Journal<\/title>\n<meta name=\"robots\" content=\"index, follow, max-snippet:-1, max-image-preview:large, max-video-preview:-1\" \/>\n<link rel=\"canonical\" href=\"https:\/\/transportjournal.com\/de\/2026\/01\/16\/milan-tevel-neuer-geschaeftsfuehrer-bei-supermaritime\/\" \/>\n<meta property=\"og:locale\" content=\"de_DE\" \/>\n<meta property=\"og:type\" content=\"article\" \/>\n<meta property=\"og:title\" content=\"Milan Tevel neuer Gesch\u00e4ftsf\u00fchrer bei Supermaritime - ITJ | International Transport Journal\" \/>\n<meta property=\"og:description\" content=\"Supermaritime Nederland B.V. hat Milan Tevel zum neuen Gesch\u00e4ftsf\u00fchrer ernannt und plant den Bau eines neuen Logistikkomplexes in Vlissingen.\" \/>\n<meta property=\"og:url\" content=\"https:\/\/transportjournal.com\/de\/2026\/01\/16\/milan-tevel-neuer-geschaeftsfuehrer-bei-supermaritime\/\" \/>\n<meta property=\"og:site_name\" content=\"ITJ | International Transport Journal\" \/>\n<meta property=\"article:published_time\" content=\"2026-01-16T10:05:45+00:00\" \/>\n<meta property=\"og:image\" content=\"https:\/\/transportjournal.com\/wp-content\/uploads\/sites\/2\/2026\/01\/Milan-Tevel-GM-Supermaritime-Nederland-BV-4-aspect-ratio-1400-788.jpeg\" \/>\n\t<meta property=\"og:image:width\" content=\"900\" \/>\n\t<meta property=\"og:image:height\" content=\"506\" \/>\n\t<meta property=\"og:image:type\" content=\"image\/jpeg\" \/>\n<meta name=\"author\" content=\"Andreas Haug\" \/>\n<meta name=\"twitter:card\" content=\"summary_large_image\" \/>\n<meta name=\"twitter:label1\" content=\"Verfasst von\" \/>\n\t<meta name=\"twitter:data1\" content=\"Andreas Haug\" \/>\n\t<meta name=\"twitter:label2\" content=\"Gesch\u00e4tzte Lesezeit\" \/>\n\t<meta name=\"twitter:data2\" content=\"2\u00a0Minute\" \/>\n<script type=\"application\/ld+json\" class=\"yoast-schema-graph\">{\"@context\":\"https:\\\/\\\/schema.org\",\"@graph\":[{\"@type\":\"Article\",\"@id\":\"https:\\\/\\\/transportjournal.com\\\/de\\\/2026\\\/01\\\/16\\\/milan-tevel-neuer-geschaeftsfuehrer-bei-supermaritime\\\/#article\",\"isPartOf\":{\"@id\":\"https:\\\/\\\/transportjournal.com\\\/de\\\/2026\\\/01\\\/16\\\/milan-tevel-neuer-geschaeftsfuehrer-bei-supermaritime\\\/\"},\"author\":{\"name\":\"Andreas Haug\",\"@id\":\"https:\\\/\\\/transportjournal.com\\\/de\\\/#\\\/schema\\\/person\\\/cf538b3157f15afd7589245a4b3dbd25\"},\"headline\":\"Milan Tevel neuer Gesch\u00e4ftsf\u00fchrer bei Supermaritime\",\"datePublished\":\"2026-01-16T10:05:45+00:00\",\"mainEntityOfPage\":{\"@id\":\"https:\\\/\\\/transportjournal.com\\\/de\\\/2026\\\/01\\\/16\\\/milan-tevel-neuer-geschaeftsfuehrer-bei-supermaritime\\\/\"},\"wordCount\":325,\"commentCount\":0,\"publisher\":{\"@id\":\"https:\\\/\\\/transportjournal.com\\\/de\\\/#organization\"},\"image\":{\"@id\":\"https:\\\/\\\/transportjournal.com\\\/de\\\/2026\\\/01\\\/16\\\/milan-tevel-neuer-geschaeftsfuehrer-bei-supermaritime\\\/#primaryimage\"},\"thumbnailUrl\":\"https:\\\/\\\/transportjournal.com\\\/wp-content\\\/uploads\\\/sites\\\/2\\\/2026\\\/01\\\/Milan-Tevel-GM-Supermaritime-Nederland-BV-4-aspect-ratio-1400-788.jpeg\",\"keywords\":[\"agences maritimes\",\"augmentation de la capacit\u00e9 de stockage\",\"breakbulk services\",\"Breakbulk-Dienstleistungen\",\"chargement de projet\",\"choix strat\u00e9gique de site\",\"complexe logistique \u00e0 Vlissingen\",\"corporate management\",\"Deutsch Supermaritime\",\"d\u00e9veloppement des infrastructures\",\"Digitalisierung in der Logistik\",\"digitalization in logistics\",\"entreposage\",\"expanding storage capacity\",\"Fachkr\u00e4ftemangel in der Logistik\",\"gestion d'entreprise\",\"gestion de la cha\u00eene d'approvisionnement\",\"Hafenumschlag\",\"industrie du transport\",\"infrastructure development\",\"Infrastrukturentwicklung\",\"international logistics\",\"internationale Logistik\",\"Lagerkapazit\u00e4ten erweitern\",\"Lagerung\",\"logistics complex Vlissingen\",\"logistics service provider\",\"Logistikdienstleister\",\"Logistikkomplex Vlissingen\",\"logistique durable\",\"logistique internationale\",\"management transition\",\"manutention portuaire\",\"Milan Tevel\",\"nachhaltige Logistik\",\"num\u00e9risation dans la logistique\",\"p\u00e9nurie de main-d'\u0153uvre dans la logistique\",\"port de Rotterdam\",\"port handling\",\"prestataire logistique\",\"project cargo\",\"Projektladung\",\"Rotterdam Hafen\",\"Rotterdam port\",\"Schiffsagenturen\",\"services de breakbulk\",\"ship agencies\",\"skills shortage in logistics\",\"strategic site selection Fran\u00e7ais Supermaritime\",\"strategische Standortwahl English Supermaritime\",\"Supply Chain Management\",\"sustainable logistics\",\"transition de direction\",\"transport industry\",\"Transportwirtschaft\",\"\u00dcbergabe der Gesch\u00e4ftsf\u00fchrung\",\"Unternehmensf\u00fchrung\",\"warehousing\"],\"articleSection\":[\"Europa\",\"Menschen &amp; Unternehmen\",\"Regionen\",\"Schifffahrt &amp; H\u00e4fen\",\"Spedition &amp; Logistik\"],\"inLanguage\":\"de\",\"potentialAction\":[{\"@type\":\"CommentAction\",\"name\":\"Comment\",\"target\":[\"https:\\\/\\\/transportjournal.com\\\/de\\\/2026\\\/01\\\/16\\\/milan-tevel-neuer-geschaeftsfuehrer-bei-supermaritime\\\/#respond\"]}]},{\"@type\":\"WebPage\",\"@id\":\"https:\\\/\\\/transportjournal.com\\\/de\\\/2026\\\/01\\\/16\\\/milan-tevel-neuer-geschaeftsfuehrer-bei-supermaritime\\\/\",\"url\":\"https:\\\/\\\/transportjournal.com\\\/de\\\/2026\\\/01\\\/16\\\/milan-tevel-neuer-geschaeftsfuehrer-bei-supermaritime\\\/\",\"name\":\"Milan Tevel neuer Gesch\u00e4ftsf\u00fchrer bei Supermaritime - ITJ | International Transport Journal\",\"isPartOf\":{\"@id\":\"https:\\\/\\\/transportjournal.com\\\/de\\\/#website\"},\"primaryImageOfPage\":{\"@id\":\"https:\\\/\\\/transportjournal.com\\\/de\\\/2026\\\/01\\\/16\\\/milan-tevel-neuer-geschaeftsfuehrer-bei-supermaritime\\\/#primaryimage\"},\"image\":{\"@id\":\"https:\\\/\\\/transportjournal.com\\\/de\\\/2026\\\/01\\\/16\\\/milan-tevel-neuer-geschaeftsfuehrer-bei-supermaritime\\\/#primaryimage\"},\"thumbnailUrl\":\"https:\\\/\\\/transportjournal.com\\\/wp-content\\\/uploads\\\/sites\\\/2\\\/2026\\\/01\\\/Milan-Tevel-GM-Supermaritime-Nederland-BV-4-aspect-ratio-1400-788.jpeg\",\"datePublished\":\"2026-01-16T10:05:45+00:00\",\"breadcrumb\":{\"@id\":\"https:\\\/\\\/transportjournal.com\\\/de\\\/2026\\\/01\\\/16\\\/milan-tevel-neuer-geschaeftsfuehrer-bei-supermaritime\\\/#breadcrumb\"},\"inLanguage\":\"de\",\"potentialAction\":[{\"@type\":\"ReadAction\",\"target\":[\"https:\\\/\\\/transportjournal.com\\\/de\\\/2026\\\/01\\\/16\\\/milan-tevel-neuer-geschaeftsfuehrer-bei-supermaritime\\\/\"]}]},{\"@type\":\"ImageObject\",\"inLanguage\":\"de\",\"@id\":\"https:\\\/\\\/transportjournal.com\\\/de\\\/2026\\\/01\\\/16\\\/milan-tevel-neuer-geschaeftsfuehrer-bei-supermaritime\\\/#primaryimage\",\"url\":\"https:\\\/\\\/transportjournal.com\\\/wp-content\\\/uploads\\\/sites\\\/2\\\/2026\\\/01\\\/Milan-Tevel-GM-Supermaritime-Nederland-BV-4-aspect-ratio-1400-788.jpeg\",\"contentUrl\":\"https:\\\/\\\/transportjournal.com\\\/wp-content\\\/uploads\\\/sites\\\/2\\\/2026\\\/01\\\/Milan-Tevel-GM-Supermaritime-Nederland-BV-4-aspect-ratio-1400-788.jpeg\",\"width\":900,\"height\":506},{\"@type\":\"BreadcrumbList\",\"@id\":\"https:\\\/\\\/transportjournal.com\\\/de\\\/2026\\\/01\\\/16\\\/milan-tevel-neuer-geschaeftsfuehrer-bei-supermaritime\\\/#breadcrumb\",\"itemListElement\":[{\"@type\":\"ListItem\",\"position\":1,\"name\":\"Startseite\",\"item\":\"https:\\\/\\\/transportjournal.com\\\/de\\\/\"},{\"@type\":\"ListItem\",\"position\":2,\"name\":\"Milan Tevel neuer Gesch\u00e4ftsf\u00fchrer bei Supermaritime\"}]},{\"@type\":\"WebSite\",\"@id\":\"https:\\\/\\\/transportjournal.com\\\/de\\\/#website\",\"url\":\"https:\\\/\\\/transportjournal.com\\\/de\\\/\",\"name\":\"ITJ | International Transport Journal\",\"description\":\"Stay informed with the latest global news from the transport, logistics, and supply chain industries. Transport Journal delivers expert insights, analysis, and updates across shipping, aviation, intermodal, and forwarding.\",\"publisher\":{\"@id\":\"https:\\\/\\\/transportjournal.com\\\/de\\\/#organization\"},\"potentialAction\":[{\"@type\":\"SearchAction\",\"target\":{\"@type\":\"EntryPoint\",\"urlTemplate\":\"https:\\\/\\\/transportjournal.com\\\/de\\\/?s={search_term_string}\"},\"query-input\":{\"@type\":\"PropertyValueSpecification\",\"valueRequired\":true,\"valueName\":\"search_term_string\"}}],\"inLanguage\":\"de\"},{\"@type\":\"Organization\",\"@id\":\"https:\\\/\\\/transportjournal.com\\\/de\\\/#organization\",\"name\":\"Groupe Logismedia AG\",\"alternateName\":\"Logismedia Group AG\",\"url\":\"https:\\\/\\\/transportjournal.com\\\/de\\\/\",\"logo\":{\"@type\":\"ImageObject\",\"inLanguage\":\"de\",\"@id\":\"https:\\\/\\\/transportjournal.com\\\/de\\\/#\\\/schema\\\/logo\\\/image\\\/\",\"url\":\"https:\\\/\\\/transportjournal.com\\\/wp-content\\\/uploads\\\/sites\\\/2\\\/2025\\\/09\\\/Logo_ITJ.png\",\"contentUrl\":\"https:\\\/\\\/transportjournal.com\\\/wp-content\\\/uploads\\\/sites\\\/2\\\/2025\\\/09\\\/Logo_ITJ.png\",\"width\":799,\"height\":326,\"caption\":\"Groupe Logismedia AG\"},\"image\":{\"@id\":\"https:\\\/\\\/transportjournal.com\\\/de\\\/#\\\/schema\\\/logo\\\/image\\\/\"},\"sameAs\":[\"https:\\\/\\\/www.linkedin.com\\\/company\\\/56456496\\\/admin\\\/dashboard\\\/\",\"https:\\\/\\\/www.instagram.com\\\/logismediagroup\\\/\",\"https:\\\/\\\/www.youtube.com\\\/@LogiamediaGroupAG\"]},{\"@type\":\"Person\",\"@id\":\"https:\\\/\\\/transportjournal.com\\\/de\\\/#\\\/schema\\\/person\\\/cf538b3157f15afd7589245a4b3dbd25\",\"name\":\"Andreas Haug\",\"url\":\"https:\\\/\\\/transportjournal.com\\\/de\\\/author\\\/andreas\\\/\"}]}<\/script>\n<!-- \/ Yoast SEO plugin. -->","yoast_head_json":{"title":"Milan Tevel neuer Gesch\u00e4ftsf\u00fchrer bei Supermaritime - ITJ | International Transport Journal","robots":{"index":"index","follow":"follow","max-snippet":"max-snippet:-1","max-image-preview":"max-image-preview:large","max-video-preview":"max-video-preview:-1"},"canonical":"https:\/\/transportjournal.com\/de\/2026\/01\/16\/milan-tevel-neuer-geschaeftsfuehrer-bei-supermaritime\/","og_locale":"de_DE","og_type":"article","og_title":"Milan Tevel neuer Gesch\u00e4ftsf\u00fchrer bei Supermaritime - ITJ | International Transport Journal","og_description":"Supermaritime Nederland B.V. hat Milan Tevel zum neuen Gesch\u00e4ftsf\u00fchrer ernannt und plant den Bau eines neuen Logistikkomplexes in Vlissingen.","og_url":"https:\/\/transportjournal.com\/de\/2026\/01\/16\/milan-tevel-neuer-geschaeftsfuehrer-bei-supermaritime\/","og_site_name":"ITJ | International Transport Journal","article_published_time":"2026-01-16T10:05:45+00:00","og_image":[{"width":900,"height":506,"url":"https:\/\/transportjournal.com\/wp-content\/uploads\/sites\/2\/2026\/01\/Milan-Tevel-GM-Supermaritime-Nederland-BV-4-aspect-ratio-1400-788.jpeg","type":"image\/jpeg"}],"author":"Andreas Haug","twitter_card":"summary_large_image","twitter_misc":{"Verfasst von":"Andreas Haug","Gesch\u00e4tzte Lesezeit":"2\u00a0Minute"},"schema":{"@context":"https:\/\/schema.org","@graph":[{"@type":"Article","@id":"https:\/\/transportjournal.com\/de\/2026\/01\/16\/milan-tevel-neuer-geschaeftsfuehrer-bei-supermaritime\/#article","isPartOf":{"@id":"https:\/\/transportjournal.com\/de\/2026\/01\/16\/milan-tevel-neuer-geschaeftsfuehrer-bei-supermaritime\/"},"author":{"name":"Andreas Haug","@id":"https:\/\/transportjournal.com\/de\/#\/schema\/person\/cf538b3157f15afd7589245a4b3dbd25"},"headline":"Milan Tevel neuer Gesch\u00e4ftsf\u00fchrer bei Supermaritime","datePublished":"2026-01-16T10:05:45+00:00","mainEntityOfPage":{"@id":"https:\/\/transportjournal.com\/de\/2026\/01\/16\/milan-tevel-neuer-geschaeftsfuehrer-bei-supermaritime\/"},"wordCount":325,"commentCount":0,"publisher":{"@id":"https:\/\/transportjournal.com\/de\/#organization"},"image":{"@id":"https:\/\/transportjournal.com\/de\/2026\/01\/16\/milan-tevel-neuer-geschaeftsfuehrer-bei-supermaritime\/#primaryimage"},"thumbnailUrl":"https:\/\/transportjournal.com\/wp-content\/uploads\/sites\/2\/2026\/01\/Milan-Tevel-GM-Supermaritime-Nederland-BV-4-aspect-ratio-1400-788.jpeg","keywords":["agences maritimes","augmentation de la capacit\u00e9 de stockage","breakbulk services","Breakbulk-Dienstleistungen","chargement de projet","choix strat\u00e9gique de site","complexe logistique \u00e0 Vlissingen","corporate management","Deutsch Supermaritime","d\u00e9veloppement des infrastructures","Digitalisierung in der Logistik","digitalization in logistics","entreposage","expanding storage capacity","Fachkr\u00e4ftemangel in der Logistik","gestion d'entreprise","gestion de la cha\u00eene d'approvisionnement","Hafenumschlag","industrie du transport","infrastructure development","Infrastrukturentwicklung","international logistics","internationale Logistik","Lagerkapazit\u00e4ten erweitern","Lagerung","logistics complex Vlissingen","logistics service provider","Logistikdienstleister","Logistikkomplex Vlissingen","logistique durable","logistique internationale","management transition","manutention portuaire","Milan Tevel","nachhaltige Logistik","num\u00e9risation dans la logistique","p\u00e9nurie de main-d'\u0153uvre dans la logistique","port de Rotterdam","port handling","prestataire logistique","project cargo","Projektladung","Rotterdam Hafen","Rotterdam port","Schiffsagenturen","services de breakbulk","ship agencies","skills shortage in logistics","strategic site selection Fran\u00e7ais Supermaritime","strategische Standortwahl English Supermaritime","Supply Chain Management","sustainable logistics","transition de direction","transport industry","Transportwirtschaft","\u00dcbergabe der Gesch\u00e4ftsf\u00fchrung","Unternehmensf\u00fchrung","warehousing"],"articleSection":["Europa","Menschen &amp; Unternehmen","Regionen","Schifffahrt &amp; H\u00e4fen","Spedition &amp; Logistik"],"inLanguage":"de","potentialAction":[{"@type":"CommentAction","name":"Comment","target":["https:\/\/transportjournal.com\/de\/2026\/01\/16\/milan-tevel-neuer-geschaeftsfuehrer-bei-supermaritime\/#respond"]}]},{"@type":"WebPage","@id":"https:\/\/transportjournal.com\/de\/2026\/01\/16\/milan-tevel-neuer-geschaeftsfuehrer-bei-supermaritime\/","url":"https:\/\/transportjournal.com\/de\/2026\/01\/16\/milan-tevel-neuer-geschaeftsfuehrer-bei-supermaritime\/","name":"Milan Tevel neuer Gesch\u00e4ftsf\u00fchrer bei Supermaritime - ITJ | International Transport Journal","isPartOf":{"@id":"https:\/\/transportjournal.com\/de\/#website"},"primaryImageOfPage":{"@id":"https:\/\/transportjournal.com\/de\/2026\/01\/16\/milan-tevel-neuer-geschaeftsfuehrer-bei-supermaritime\/#primaryimage"},"image":{"@id":"https:\/\/transportjournal.com\/de\/2026\/01\/16\/milan-tevel-neuer-geschaeftsfuehrer-bei-supermaritime\/#primaryimage"},"thumbnailUrl":"https:\/\/transportjournal.com\/wp-content\/uploads\/sites\/2\/2026\/01\/Milan-Tevel-GM-Supermaritime-Nederland-BV-4-aspect-ratio-1400-788.jpeg","datePublished":"2026-01-16T10:05:45+00:00","breadcrumb":{"@id":"https:\/\/transportjournal.com\/de\/2026\/01\/16\/milan-tevel-neuer-geschaeftsfuehrer-bei-supermaritime\/#breadcrumb"},"inLanguage":"de","potentialAction":[{"@type":"ReadAction","target":["https:\/\/transportjournal.com\/de\/2026\/01\/16\/milan-tevel-neuer-geschaeftsfuehrer-bei-supermaritime\/"]}]},{"@type":"ImageObject","inLanguage":"de","@id":"https:\/\/transportjournal.com\/de\/2026\/01\/16\/milan-tevel-neuer-geschaeftsfuehrer-bei-supermaritime\/#primaryimage","url":"https:\/\/transportjournal.com\/wp-content\/uploads\/sites\/2\/2026\/01\/Milan-Tevel-GM-Supermaritime-Nederland-BV-4-aspect-ratio-1400-788.jpeg","contentUrl":"https:\/\/transportjournal.com\/wp-content\/uploads\/sites\/2\/2026\/01\/Milan-Tevel-GM-Supermaritime-Nederland-BV-4-aspect-ratio-1400-788.jpeg","width":900,"height":506},{"@type":"BreadcrumbList","@id":"https:\/\/transportjournal.com\/de\/2026\/01\/16\/milan-tevel-neuer-geschaeftsfuehrer-bei-supermaritime\/#breadcrumb","itemListElement":[{"@type":"ListItem","position":1,"name":"Startseite","item":"https:\/\/transportjournal.com\/de\/"},{"@type":"ListItem","position":2,"name":"Milan Tevel neuer Gesch\u00e4ftsf\u00fchrer bei Supermaritime"}]},{"@type":"WebSite","@id":"https:\/\/transportjournal.com\/de\/#website","url":"https:\/\/transportjournal.com\/de\/","name":"ITJ | International Transport Journal","description":"Stay informed with the latest global news from the transport, logistics, and supply chain industries. Transport Journal delivers expert insights, analysis, and updates across shipping, aviation, intermodal, and forwarding.","publisher":{"@id":"https:\/\/transportjournal.com\/de\/#organization"},"potentialAction":[{"@type":"SearchAction","target":{"@type":"EntryPoint","urlTemplate":"https:\/\/transportjournal.com\/de\/?s={search_term_string}"},"query-input":{"@type":"PropertyValueSpecification","valueRequired":true,"valueName":"search_term_string"}}],"inLanguage":"de"},{"@type":"Organization","@id":"https:\/\/transportjournal.com\/de\/#organization","name":"Groupe Logismedia AG","alternateName":"Logismedia Group AG","url":"https:\/\/transportjournal.com\/de\/","logo":{"@type":"ImageObject","inLanguage":"de","@id":"https:\/\/transportjournal.com\/de\/#\/schema\/logo\/image\/","url":"https:\/\/transportjournal.com\/wp-content\/uploads\/sites\/2\/2025\/09\/Logo_ITJ.png","contentUrl":"https:\/\/transportjournal.com\/wp-content\/uploads\/sites\/2\/2025\/09\/Logo_ITJ.png","width":799,"height":326,"caption":"Groupe Logismedia AG"},"image":{"@id":"https:\/\/transportjournal.com\/de\/#\/schema\/logo\/image\/"},"sameAs":["https:\/\/www.linkedin.com\/company\/56456496\/admin\/dashboard\/","https:\/\/www.instagram.com\/logismediagroup\/","https:\/\/www.youtube.com\/@LogiamediaGroupAG"]},{"@type":"Person","@id":"https:\/\/transportjournal.com\/de\/#\/schema\/person\/cf538b3157f15afd7589245a4b3dbd25","name":"Andreas Haug","url":"https:\/\/transportjournal.com\/de\/author\/andreas\/"}]}},"_links":{"self":[{"href":"https:\/\/transportjournal.com\/de\/wp-json\/wp\/v2\/posts\/73321","targetHints":{"allow":["GET"]}}],"collection":[{"href":"https:\/\/transportjournal.com\/de\/wp-json\/wp\/v2\/posts"}],"about":[{"href":"https:\/\/transportjournal.com\/de\/wp-json\/wp\/v2\/types\/post"}],"author":[{"embeddable":true,"href":"https:\/\/transportjournal.com\/de\/wp-json\/wp\/v2\/users\/12"}],"replies":[{"embeddable":true,"href":"https:\/\/transportjournal.com\/de\/wp-json\/wp\/v2\/comments?post=73321"}],"version-history":[{"count":0,"href":"https:\/\/transportjournal.com\/de\/wp-json\/wp\/v2\/posts\/73321\/revisions"}],"wp:featuredmedia":[{"embeddable":true,"href":"https:\/\/transportjournal.com\/de\/wp-json\/wp\/v2\/media\/73320"}],"wp:attachment":[{"href":"https:\/\/transportjournal.com\/de\/wp-json\/wp\/v2\/media?parent=73321"}],"wp:term":[{"taxonomy":"category","embeddable":true,"href":"https:\/\/transportjournal.com\/de\/wp-json\/wp\/v2\/categories?post=73321"},{"taxonomy":"post_tag","embeddable":true,"href":"https:\/\/transportjournal.com\/de\/wp-json\/wp\/v2\/tags?post=73321"}],"curies":[{"name":"wp","href":"https:\/\/api.w.org\/{rel}","templated":true}]}}