{"id":73267,"date":"2026-01-16T06:02:19","date_gmt":"2026-01-16T06:02:19","guid":{"rendered":"https:\/\/transportjournal.com\/2026\/01\/16\/steve-rand-neuer-praesident-von-eal\/"},"modified":"2026-01-16T08:09:01","modified_gmt":"2026-01-16T07:09:01","slug":"steve-rand-neuer-praesident-von-eal","status":"publish","type":"post","link":"https:\/\/transportjournal.com\/de\/2026\/01\/16\/steve-rand-neuer-praesident-von-eal\/","title":{"rendered":"Steve Rand neuer Pr\u00e4sident von EAL"},"content":{"rendered":"<p>Enstructure hat Steve Rand zum Pr\u00e4sidenten seiner Sparte f\u00fcr Logistik von Fertigfahrzeugen, Enstructure Auto Logistics (EAL), ernannt. Rand wird die operativen und kommerziellen Aktivit\u00e4ten des Unternehmens im Bereich der Automobillogistik leiten. Die Ernennung wurde am 15. Januar 2026 bekannt gegeben.<\/p>\n<h3>Erfahrung und Expertise<\/h3>\n<p>Matthew Satnick und Philippe De Montigny, die Co-CEOs von Enstructure, \u00e4usserten sich positiv \u00fcber die Verpflichtung von Rand. Sie betonten, dass seine umfangreiche Erfahrung und sein Engagement f\u00fcr den Service dazu beitragen werden, die Dynamik des Unternehmens zu f\u00f6rdern und die Qualit\u00e4t der Logistik f\u00fcr Fertigfahrzeuge zu verbessern. Rand bringt eine umfassende F\u00fchrungserfahrung aus verschiedenen Bereichen mit, darunter maritime Logistik, Schienenverkehr, Lkw-Transport und Spezialchemikalien. Vor seiner neuen Position war er \u00fcber ein Jahrzehnt als CEO von AMPORTS t\u00e4tig und hatte zuvor zehn Jahre lang eine leitende Funktion bei CSX Transportation Intermodal inne.<\/p>\n<p>Rand selbst erkl\u00e4rte, dass er in seiner Karriere stets Organisationen angezogen habe, die Innovation mit Effizienz und Service verbinden. Er freue sich darauf, zur n\u00e4chsten Wachstumsphase von Enstructure beizutragen und mit seinen Kollegen George Molyneaux, Leo McFadden und Lee Brown zusammenzuarbeiten, die \u00fcber umfassende Branchenkenntnisse verf\u00fcgen.<\/p>\n<h3>Standorte und Dienstleistungen<\/h3>\n<p>EAL betreibt derzeit Logistikzentren in Wilmington, Delaware, und Jacksonville, Florida. Diese Einrichtungen sind mit spezialisierter Automobilinfrastruktur ausgestattet und bieten ausreichend Lagerkapazit\u00e4ten f\u00fcr Fahrzeuge direkt am Dock. Sie fungieren als wichtige Verteilungszentren f\u00fcr den Zugang zu den wachsenden M\u00e4rkten im S\u00fcdosten sowie im Nordosten und Mittleren Atlantik der USA.<\/p>\n<p>Im Jahr 2025 wurde EAL ausgew\u00e4hlt, um Logistikdienstleistungen f\u00fcr Fertigfahrzeuge f\u00fcr Mazda North America und Toyota Logistics Services am Talleyrand Marine Terminal in JAXPORT bereitzustellen. Der Standort Wilmington hat verschiedene Exportstr\u00f6me f\u00fcr Automobile abgewickelt und unterh\u00e4lt derzeit einen regelm\u00e4ssigen Service mit Grimaldi Lines.<\/p>\n<p>Enstructure betreibt ein Netzwerk von Hafeninfrastruktur-Assets an der Ostk\u00fcste, am Golf von Mexiko und im Binnenfluss-System der Vereinigten Staaten. Das Unternehmen wurde 2016 von Philippe De Montigny und Matthew Satnick gegr\u00fcndet und bietet integrierte Logistikdienstleistungen f\u00fcr einige der gr\u00f6ssten Unternehmen in den Bereichen Energie, Landwirtschaft, Lebensmittel, Fertigung, Bauwesen und \u00f6ffentliche Sicherheit an.<\/p>\n<p>&nbsp;<\/p>\n<p><a href=\"https:\/\/enstructure.com\/\" target=\"_blank\" rel=\"noopener noreferrer\">www.enstructure.com<\/a><\/p>\n<p>&nbsp;<\/p>\n","protected":false},"excerpt":{"rendered":"<p>Enstructure hat Steve Rand zum Pr\u00e4sidenten von Enstructure Auto Logistics ernannt, um die Automobillogistik und die operativen Aktivit\u00e4ten des Unternehmens zu leiten.<\/p>\n","protected":false},"author":12,"featured_media":73274,"comment_status":"open","ping_status":"open","sticky":false,"template":"","format":"standard","meta":{"_acf_changed":false,"footnotes":""},"categories":[1578,1567,1573],"tags":[1828,6128,2207,6129,2695,2696,5443,6130,1889,6131,6132,6133,6134,4052,2125,4054,6135,6136,6137,2133,1831,6138,6139,5454,2717,2232,4065,4264,4266,2237,6140,1857,5460,6141,6142,3852,6143,6144,6145,6146,6147,6148],"class_list":["post-73267","post","type-post","status-publish","format-standard","has-post-thumbnail","hentry","category-amerikas","category-wechsel-weltweit","category-regionen","tag-automobillogistik","tag-automotive-logistics","tag-chaine-dapprovisionnement","tag-deutsch-logistik","tag-digitalisierung","tag-digitalization","tag-durabilite","tag-enstructure","tag-fachkraeftemangel","tag-fertigfahrzeuge","tag-finished-vehicles","tag-fournisseurs-de-services-logistiques","tag-grimaldi-lines","tag-hafeninfrastruktur","tag-industrie-du-transport","tag-infrastructure-portuaire","tag-jacksonville-florida","tag-jacksonville-floride","tag-lkw-transport","tag-logistics-service-providers","tag-logistikdienstleister","tag-logistique-automobile","tag-mazda-north-america","tag-nachhaltigkeit","tag-numerisation","tag-penurie-de-main-doeuvre","tag-port-infrastructure","tag-rail-transport","tag-schienenverkehr","tag-skills-shortage","tag-steve-rand","tag-supply-chain","tag-sustainability","tag-talleyrand-marine-terminal","tag-toyota-logistics-services","tag-transport-ferroviaire","tag-transport-routier","tag-transportation-industry-francais-logistique","tag-transportwirtschaft-english-logistics","tag-trucking","tag-vehicules-finis","tag-wilmington-delaware"],"acf":[],"yoast_head":"<!-- This site is optimized with the Yoast SEO plugin v27.3 - https:\/\/yoast.com\/product\/yoast-seo-wordpress\/ -->\n<title>Steve Rand neuer Pr\u00e4sident von EAL - ITJ | International Transport Journal<\/title>\n<meta name=\"robots\" content=\"index, follow, max-snippet:-1, max-image-preview:large, max-video-preview:-1\" \/>\n<link rel=\"canonical\" href=\"https:\/\/transportjournal.com\/de\/2026\/01\/16\/steve-rand-neuer-praesident-von-eal\/\" \/>\n<meta property=\"og:locale\" content=\"de_DE\" \/>\n<meta property=\"og:type\" content=\"article\" \/>\n<meta property=\"og:title\" content=\"Steve Rand neuer Pr\u00e4sident von EAL - ITJ | International Transport Journal\" \/>\n<meta property=\"og:description\" content=\"Enstructure hat Steve Rand zum Pr\u00e4sidenten von Enstructure Auto Logistics ernannt, um die Automobillogistik und die operativen Aktivit\u00e4ten des Unternehmens zu leiten.\" \/>\n<meta property=\"og:url\" content=\"https:\/\/transportjournal.com\/de\/2026\/01\/16\/steve-rand-neuer-praesident-von-eal\/\" \/>\n<meta property=\"og:site_name\" content=\"ITJ | International Transport Journal\" \/>\n<meta property=\"article:published_time\" content=\"2026-01-16T06:02:19+00:00\" \/>\n<meta property=\"article:modified_time\" content=\"2026-01-16T07:09:01+00:00\" \/>\n<meta name=\"author\" content=\"Andreas Haug\" \/>\n<meta name=\"twitter:card\" content=\"summary_large_image\" \/>\n<meta name=\"twitter:label1\" content=\"Verfasst von\" \/>\n\t<meta name=\"twitter:data1\" content=\"Andreas Haug\" \/>\n\t<meta name=\"twitter:label2\" content=\"Gesch\u00e4tzte Lesezeit\" \/>\n\t<meta name=\"twitter:data2\" content=\"2\u00a0Minute\" \/>\n<script type=\"application\/ld+json\" class=\"yoast-schema-graph\">{\"@context\":\"https:\\\/\\\/schema.org\",\"@graph\":[{\"@type\":\"Article\",\"@id\":\"https:\\\/\\\/transportjournal.com\\\/de\\\/2026\\\/01\\\/16\\\/steve-rand-neuer-praesident-von-eal\\\/#article\",\"isPartOf\":{\"@id\":\"https:\\\/\\\/transportjournal.com\\\/de\\\/2026\\\/01\\\/16\\\/steve-rand-neuer-praesident-von-eal\\\/\"},\"author\":{\"name\":\"Andreas Haug\",\"@id\":\"https:\\\/\\\/transportjournal.com\\\/de\\\/#\\\/schema\\\/person\\\/cf538b3157f15afd7589245a4b3dbd25\"},\"headline\":\"Steve Rand neuer Pr\u00e4sident von EAL\",\"datePublished\":\"2026-01-16T06:02:19+00:00\",\"dateModified\":\"2026-01-16T07:09:01+00:00\",\"mainEntityOfPage\":{\"@id\":\"https:\\\/\\\/transportjournal.com\\\/de\\\/2026\\\/01\\\/16\\\/steve-rand-neuer-praesident-von-eal\\\/\"},\"wordCount\":363,\"commentCount\":0,\"publisher\":{\"@id\":\"https:\\\/\\\/transportjournal.com\\\/de\\\/#organization\"},\"image\":{\"@id\":\"https:\\\/\\\/transportjournal.com\\\/de\\\/2026\\\/01\\\/16\\\/steve-rand-neuer-praesident-von-eal\\\/#primaryimage\"},\"thumbnailUrl\":\"https:\\\/\\\/transportjournal.com\\\/wp-content\\\/uploads\\\/sites\\\/2\\\/2026\\\/01\\\/Enstructure-507032831_1030717929251598_3079323014185670599_n.jpg\",\"keywords\":[\"Automobillogistik\",\"Automotive logistics\",\"cha\u00eene d'approvisionnement\",\"Deutsch Logistik\",\"Digitalisierung\",\"digitalization\",\"durabilit\u00e9\",\"Enstructure\",\"Fachkr\u00e4ftemangel\",\"Fertigfahrzeuge\",\"Finished vehicles\",\"Fournisseurs de services logistiques\",\"Grimaldi Lines\",\"Hafeninfrastruktur\",\"industrie du transport\",\"infrastructure portuaire\",\"Jacksonville Florida\",\"Jacksonville Floride\",\"Lkw-Transport\",\"logistics service providers\",\"Logistikdienstleister\",\"Logistique automobile\",\"Mazda North America\",\"Nachhaltigkeit\",\"num\u00e9risation\",\"p\u00e9nurie de main-d'\u0153uvre\",\"port infrastructure\",\"rail transport\",\"Schienenverkehr\",\"skills shortage\",\"Steve Rand\",\"Supply Chain\",\"sustainability\",\"Talleyrand Marine Terminal\",\"Toyota Logistics Services\",\"transport ferroviaire\",\"Transport routier\",\"Transportation industry Fran\u00e7ais Logistique\",\"Transportwirtschaft English Logistics\",\"Trucking\",\"V\u00e9hicules finis\",\"Wilmington Delaware\"],\"articleSection\":[\"Amerikas\",\"Menschen &amp; Unternehmen\",\"Regionen\"],\"inLanguage\":\"de\",\"potentialAction\":[{\"@type\":\"CommentAction\",\"name\":\"Comment\",\"target\":[\"https:\\\/\\\/transportjournal.com\\\/de\\\/2026\\\/01\\\/16\\\/steve-rand-neuer-praesident-von-eal\\\/#respond\"]}]},{\"@type\":\"WebPage\",\"@id\":\"https:\\\/\\\/transportjournal.com\\\/de\\\/2026\\\/01\\\/16\\\/steve-rand-neuer-praesident-von-eal\\\/\",\"url\":\"https:\\\/\\\/transportjournal.com\\\/de\\\/2026\\\/01\\\/16\\\/steve-rand-neuer-praesident-von-eal\\\/\",\"name\":\"Steve Rand neuer Pr\u00e4sident von EAL - ITJ | International Transport Journal\",\"isPartOf\":{\"@id\":\"https:\\\/\\\/transportjournal.com\\\/de\\\/#website\"},\"primaryImageOfPage\":{\"@id\":\"https:\\\/\\\/transportjournal.com\\\/de\\\/2026\\\/01\\\/16\\\/steve-rand-neuer-praesident-von-eal\\\/#primaryimage\"},\"image\":{\"@id\":\"https:\\\/\\\/transportjournal.com\\\/de\\\/2026\\\/01\\\/16\\\/steve-rand-neuer-praesident-von-eal\\\/#primaryimage\"},\"thumbnailUrl\":\"https:\\\/\\\/transportjournal.com\\\/wp-content\\\/uploads\\\/sites\\\/2\\\/2026\\\/01\\\/Enstructure-507032831_1030717929251598_3079323014185670599_n.jpg\",\"datePublished\":\"2026-01-16T06:02:19+00:00\",\"dateModified\":\"2026-01-16T07:09:01+00:00\",\"breadcrumb\":{\"@id\":\"https:\\\/\\\/transportjournal.com\\\/de\\\/2026\\\/01\\\/16\\\/steve-rand-neuer-praesident-von-eal\\\/#breadcrumb\"},\"inLanguage\":\"de\",\"potentialAction\":[{\"@type\":\"ReadAction\",\"target\":[\"https:\\\/\\\/transportjournal.com\\\/de\\\/2026\\\/01\\\/16\\\/steve-rand-neuer-praesident-von-eal\\\/\"]}]},{\"@type\":\"ImageObject\",\"inLanguage\":\"de\",\"@id\":\"https:\\\/\\\/transportjournal.com\\\/de\\\/2026\\\/01\\\/16\\\/steve-rand-neuer-praesident-von-eal\\\/#primaryimage\",\"url\":\"https:\\\/\\\/transportjournal.com\\\/wp-content\\\/uploads\\\/sites\\\/2\\\/2026\\\/01\\\/Enstructure-507032831_1030717929251598_3079323014185670599_n.jpg\",\"contentUrl\":\"https:\\\/\\\/transportjournal.com\\\/wp-content\\\/uploads\\\/sites\\\/2\\\/2026\\\/01\\\/Enstructure-507032831_1030717929251598_3079323014185670599_n.jpg\",\"width\":2048,\"height\":1152,\"caption\":\"default\"},{\"@type\":\"BreadcrumbList\",\"@id\":\"https:\\\/\\\/transportjournal.com\\\/de\\\/2026\\\/01\\\/16\\\/steve-rand-neuer-praesident-von-eal\\\/#breadcrumb\",\"itemListElement\":[{\"@type\":\"ListItem\",\"position\":1,\"name\":\"Startseite\",\"item\":\"https:\\\/\\\/transportjournal.com\\\/de\\\/\"},{\"@type\":\"ListItem\",\"position\":2,\"name\":\"Steve Rand neuer Pr\u00e4sident von EAL\"}]},{\"@type\":\"WebSite\",\"@id\":\"https:\\\/\\\/transportjournal.com\\\/de\\\/#website\",\"url\":\"https:\\\/\\\/transportjournal.com\\\/de\\\/\",\"name\":\"ITJ | International Transport Journal\",\"description\":\"Stay informed with the latest global news from the transport, logistics, and supply chain industries. Transport Journal delivers expert insights, analysis, and updates across shipping, aviation, intermodal, and forwarding.\",\"publisher\":{\"@id\":\"https:\\\/\\\/transportjournal.com\\\/de\\\/#organization\"},\"potentialAction\":[{\"@type\":\"SearchAction\",\"target\":{\"@type\":\"EntryPoint\",\"urlTemplate\":\"https:\\\/\\\/transportjournal.com\\\/de\\\/?s={search_term_string}\"},\"query-input\":{\"@type\":\"PropertyValueSpecification\",\"valueRequired\":true,\"valueName\":\"search_term_string\"}}],\"inLanguage\":\"de\"},{\"@type\":\"Organization\",\"@id\":\"https:\\\/\\\/transportjournal.com\\\/de\\\/#organization\",\"name\":\"Groupe Logismedia AG\",\"alternateName\":\"Logismedia Group AG\",\"url\":\"https:\\\/\\\/transportjournal.com\\\/de\\\/\",\"logo\":{\"@type\":\"ImageObject\",\"inLanguage\":\"de\",\"@id\":\"https:\\\/\\\/transportjournal.com\\\/de\\\/#\\\/schema\\\/logo\\\/image\\\/\",\"url\":\"https:\\\/\\\/transportjournal.com\\\/wp-content\\\/uploads\\\/sites\\\/2\\\/2025\\\/09\\\/Logo_ITJ.png\",\"contentUrl\":\"https:\\\/\\\/transportjournal.com\\\/wp-content\\\/uploads\\\/sites\\\/2\\\/2025\\\/09\\\/Logo_ITJ.png\",\"width\":799,\"height\":326,\"caption\":\"Groupe Logismedia AG\"},\"image\":{\"@id\":\"https:\\\/\\\/transportjournal.com\\\/de\\\/#\\\/schema\\\/logo\\\/image\\\/\"},\"sameAs\":[\"https:\\\/\\\/www.linkedin.com\\\/company\\\/56456496\\\/admin\\\/dashboard\\\/\",\"https:\\\/\\\/www.instagram.com\\\/logismediagroup\\\/\",\"https:\\\/\\\/www.youtube.com\\\/@LogiamediaGroupAG\"]},{\"@type\":\"Person\",\"@id\":\"https:\\\/\\\/transportjournal.com\\\/de\\\/#\\\/schema\\\/person\\\/cf538b3157f15afd7589245a4b3dbd25\",\"name\":\"Andreas Haug\",\"url\":\"https:\\\/\\\/transportjournal.com\\\/de\\\/author\\\/andreas\\\/\"}]}<\/script>\n<!-- \/ Yoast SEO plugin. -->","yoast_head_json":{"title":"Steve Rand neuer Pr\u00e4sident von EAL - ITJ | International Transport Journal","robots":{"index":"index","follow":"follow","max-snippet":"max-snippet:-1","max-image-preview":"max-image-preview:large","max-video-preview":"max-video-preview:-1"},"canonical":"https:\/\/transportjournal.com\/de\/2026\/01\/16\/steve-rand-neuer-praesident-von-eal\/","og_locale":"de_DE","og_type":"article","og_title":"Steve Rand neuer Pr\u00e4sident von EAL - ITJ | International Transport Journal","og_description":"Enstructure hat Steve Rand zum Pr\u00e4sidenten von Enstructure Auto Logistics ernannt, um die Automobillogistik und die operativen Aktivit\u00e4ten des Unternehmens zu leiten.","og_url":"https:\/\/transportjournal.com\/de\/2026\/01\/16\/steve-rand-neuer-praesident-von-eal\/","og_site_name":"ITJ | International Transport Journal","article_published_time":"2026-01-16T06:02:19+00:00","article_modified_time":"2026-01-16T07:09:01+00:00","author":"Andreas Haug","twitter_card":"summary_large_image","twitter_misc":{"Verfasst von":"Andreas Haug","Gesch\u00e4tzte Lesezeit":"2\u00a0Minute"},"schema":{"@context":"https:\/\/schema.org","@graph":[{"@type":"Article","@id":"https:\/\/transportjournal.com\/de\/2026\/01\/16\/steve-rand-neuer-praesident-von-eal\/#article","isPartOf":{"@id":"https:\/\/transportjournal.com\/de\/2026\/01\/16\/steve-rand-neuer-praesident-von-eal\/"},"author":{"name":"Andreas Haug","@id":"https:\/\/transportjournal.com\/de\/#\/schema\/person\/cf538b3157f15afd7589245a4b3dbd25"},"headline":"Steve Rand neuer Pr\u00e4sident von EAL","datePublished":"2026-01-16T06:02:19+00:00","dateModified":"2026-01-16T07:09:01+00:00","mainEntityOfPage":{"@id":"https:\/\/transportjournal.com\/de\/2026\/01\/16\/steve-rand-neuer-praesident-von-eal\/"},"wordCount":363,"commentCount":0,"publisher":{"@id":"https:\/\/transportjournal.com\/de\/#organization"},"image":{"@id":"https:\/\/transportjournal.com\/de\/2026\/01\/16\/steve-rand-neuer-praesident-von-eal\/#primaryimage"},"thumbnailUrl":"https:\/\/transportjournal.com\/wp-content\/uploads\/sites\/2\/2026\/01\/Enstructure-507032831_1030717929251598_3079323014185670599_n.jpg","keywords":["Automobillogistik","Automotive logistics","cha\u00eene d'approvisionnement","Deutsch Logistik","Digitalisierung","digitalization","durabilit\u00e9","Enstructure","Fachkr\u00e4ftemangel","Fertigfahrzeuge","Finished vehicles","Fournisseurs de services logistiques","Grimaldi Lines","Hafeninfrastruktur","industrie du transport","infrastructure portuaire","Jacksonville Florida","Jacksonville Floride","Lkw-Transport","logistics service providers","Logistikdienstleister","Logistique automobile","Mazda North America","Nachhaltigkeit","num\u00e9risation","p\u00e9nurie de main-d'\u0153uvre","port infrastructure","rail transport","Schienenverkehr","skills shortage","Steve Rand","Supply Chain","sustainability","Talleyrand Marine Terminal","Toyota Logistics Services","transport ferroviaire","Transport routier","Transportation industry Fran\u00e7ais Logistique","Transportwirtschaft English Logistics","Trucking","V\u00e9hicules finis","Wilmington Delaware"],"articleSection":["Amerikas","Menschen &amp; Unternehmen","Regionen"],"inLanguage":"de","potentialAction":[{"@type":"CommentAction","name":"Comment","target":["https:\/\/transportjournal.com\/de\/2026\/01\/16\/steve-rand-neuer-praesident-von-eal\/#respond"]}]},{"@type":"WebPage","@id":"https:\/\/transportjournal.com\/de\/2026\/01\/16\/steve-rand-neuer-praesident-von-eal\/","url":"https:\/\/transportjournal.com\/de\/2026\/01\/16\/steve-rand-neuer-praesident-von-eal\/","name":"Steve Rand neuer Pr\u00e4sident von EAL - ITJ | International Transport Journal","isPartOf":{"@id":"https:\/\/transportjournal.com\/de\/#website"},"primaryImageOfPage":{"@id":"https:\/\/transportjournal.com\/de\/2026\/01\/16\/steve-rand-neuer-praesident-von-eal\/#primaryimage"},"image":{"@id":"https:\/\/transportjournal.com\/de\/2026\/01\/16\/steve-rand-neuer-praesident-von-eal\/#primaryimage"},"thumbnailUrl":"https:\/\/transportjournal.com\/wp-content\/uploads\/sites\/2\/2026\/01\/Enstructure-507032831_1030717929251598_3079323014185670599_n.jpg","datePublished":"2026-01-16T06:02:19+00:00","dateModified":"2026-01-16T07:09:01+00:00","breadcrumb":{"@id":"https:\/\/transportjournal.com\/de\/2026\/01\/16\/steve-rand-neuer-praesident-von-eal\/#breadcrumb"},"inLanguage":"de","potentialAction":[{"@type":"ReadAction","target":["https:\/\/transportjournal.com\/de\/2026\/01\/16\/steve-rand-neuer-praesident-von-eal\/"]}]},{"@type":"ImageObject","inLanguage":"de","@id":"https:\/\/transportjournal.com\/de\/2026\/01\/16\/steve-rand-neuer-praesident-von-eal\/#primaryimage","url":"https:\/\/transportjournal.com\/wp-content\/uploads\/sites\/2\/2026\/01\/Enstructure-507032831_1030717929251598_3079323014185670599_n.jpg","contentUrl":"https:\/\/transportjournal.com\/wp-content\/uploads\/sites\/2\/2026\/01\/Enstructure-507032831_1030717929251598_3079323014185670599_n.jpg","width":2048,"height":1152,"caption":"default"},{"@type":"BreadcrumbList","@id":"https:\/\/transportjournal.com\/de\/2026\/01\/16\/steve-rand-neuer-praesident-von-eal\/#breadcrumb","itemListElement":[{"@type":"ListItem","position":1,"name":"Startseite","item":"https:\/\/transportjournal.com\/de\/"},{"@type":"ListItem","position":2,"name":"Steve Rand neuer Pr\u00e4sident von EAL"}]},{"@type":"WebSite","@id":"https:\/\/transportjournal.com\/de\/#website","url":"https:\/\/transportjournal.com\/de\/","name":"ITJ | International Transport Journal","description":"Stay informed with the latest global news from the transport, logistics, and supply chain industries. Transport Journal delivers expert insights, analysis, and updates across shipping, aviation, intermodal, and forwarding.","publisher":{"@id":"https:\/\/transportjournal.com\/de\/#organization"},"potentialAction":[{"@type":"SearchAction","target":{"@type":"EntryPoint","urlTemplate":"https:\/\/transportjournal.com\/de\/?s={search_term_string}"},"query-input":{"@type":"PropertyValueSpecification","valueRequired":true,"valueName":"search_term_string"}}],"inLanguage":"de"},{"@type":"Organization","@id":"https:\/\/transportjournal.com\/de\/#organization","name":"Groupe Logismedia AG","alternateName":"Logismedia Group AG","url":"https:\/\/transportjournal.com\/de\/","logo":{"@type":"ImageObject","inLanguage":"de","@id":"https:\/\/transportjournal.com\/de\/#\/schema\/logo\/image\/","url":"https:\/\/transportjournal.com\/wp-content\/uploads\/sites\/2\/2025\/09\/Logo_ITJ.png","contentUrl":"https:\/\/transportjournal.com\/wp-content\/uploads\/sites\/2\/2025\/09\/Logo_ITJ.png","width":799,"height":326,"caption":"Groupe Logismedia AG"},"image":{"@id":"https:\/\/transportjournal.com\/de\/#\/schema\/logo\/image\/"},"sameAs":["https:\/\/www.linkedin.com\/company\/56456496\/admin\/dashboard\/","https:\/\/www.instagram.com\/logismediagroup\/","https:\/\/www.youtube.com\/@LogiamediaGroupAG"]},{"@type":"Person","@id":"https:\/\/transportjournal.com\/de\/#\/schema\/person\/cf538b3157f15afd7589245a4b3dbd25","name":"Andreas Haug","url":"https:\/\/transportjournal.com\/de\/author\/andreas\/"}]}},"_links":{"self":[{"href":"https:\/\/transportjournal.com\/de\/wp-json\/wp\/v2\/posts\/73267","targetHints":{"allow":["GET"]}}],"collection":[{"href":"https:\/\/transportjournal.com\/de\/wp-json\/wp\/v2\/posts"}],"about":[{"href":"https:\/\/transportjournal.com\/de\/wp-json\/wp\/v2\/types\/post"}],"author":[{"embeddable":true,"href":"https:\/\/transportjournal.com\/de\/wp-json\/wp\/v2\/users\/12"}],"replies":[{"embeddable":true,"href":"https:\/\/transportjournal.com\/de\/wp-json\/wp\/v2\/comments?post=73267"}],"version-history":[{"count":1,"href":"https:\/\/transportjournal.com\/de\/wp-json\/wp\/v2\/posts\/73267\/revisions"}],"predecessor-version":[{"id":73275,"href":"https:\/\/transportjournal.com\/de\/wp-json\/wp\/v2\/posts\/73267\/revisions\/73275"}],"wp:featuredmedia":[{"embeddable":true,"href":"https:\/\/transportjournal.com\/de\/wp-json\/wp\/v2\/media\/73274"}],"wp:attachment":[{"href":"https:\/\/transportjournal.com\/de\/wp-json\/wp\/v2\/media?parent=73267"}],"wp:term":[{"taxonomy":"category","embeddable":true,"href":"https:\/\/transportjournal.com\/de\/wp-json\/wp\/v2\/categories?post=73267"},{"taxonomy":"post_tag","embeddable":true,"href":"https:\/\/transportjournal.com\/de\/wp-json\/wp\/v2\/tags?post=73267"}],"curies":[{"name":"wp","href":"https:\/\/api.w.org\/{rel}","templated":true}]}}