{"id":73157,"date":"2026-01-15T09:27:17","date_gmt":"2026-01-15T09:27:17","guid":{"rendered":"https:\/\/transportjournal.com\/2026\/01\/15\/anstieg-der-gebrauchten-lastwagenverkaeufe\/"},"modified":"2026-01-22T13:25:35","modified_gmt":"2026-01-22T12:25:35","slug":"anstieg-der-gebrauchten-lastwagenverkaeufe","status":"publish","type":"post","link":"https:\/\/transportjournal.com\/de\/2026\/01\/15\/anstieg-der-gebrauchten-lastwagenverkaeufe\/","title":{"rendered":"Verkaufsanstieg bei Gebrauchtlastwagen"},"content":{"rendered":"<p>Vorl\u00e4ufige Einzelhandelsums\u00e4tze mit gebrauchten Lkw der Klasse 8 in den USA verzeichneten im Dezember 2025 einen Anstieg von 12% im Vergleich zum Vormonat, wie aus dem aktuellen Bericht \u201eState of the Industry: U.S. Classes 3-8 Used Trucks\u201c von ACT Research hervorgeht. Diese Entwicklung \u00fcbertraf die Erwartungen, die auf eine saisonal bedingte Steigerung von 9% hindeuteten, wie <span data-olk-copy-source=\"MessageBody\">Steve Tam (abgebildet), Vizepr\u00e4sident von ACT Research berichtet.<\/span><\/p>\n<h3>Starker Anstieg bei Auktionen<\/h3>\n<p>Besonders war der Anstieg bei den Auktionen, wo die Verkaufszahlen im Vergleich zum November um 50% zunahmen. Im Gegensatz dazu setzte sich der R\u00fcckgang im Grosshandelsbereich fort, der im Dezember um 7% im Vergleich zum Vormonat schrumpfte. Insgesamt lagen die vorl\u00e4ufigen Verkaufszahlen f\u00fcr Dezember 22% \u00fcber den Zahlen des Vormonats, wie Tam berichtet.<\/p>\n<p>Die durchschnittlichen Einzelhandelspreise f\u00fcr gebrauchte Klasse 8 Trucks stiegen im Dezember erstmals seit f\u00fcnf Monaten. Konkret bel\u00e4ufts sich das Wachstum auf 8%, was 57.135 USD entspricht. Diese Preisentwicklung blieb jedoch hinter den saisonalen Erwartungen zur\u00fcck, die einen Anstieg von 10% prognostiziert hatten, so Tam.<\/p>\n","protected":false},"excerpt":{"rendered":"<p>Im Dezember 2025 stiegen die Verkaufszahlen f\u00fcr gebrauchte Trucks in den USA um 12%, w\u00e4hrend die Auktionen einen Anstieg von 50% verzeichneten.<\/p>\n","protected":false},"author":10,"featured_media":73156,"comment_status":"open","ping_status":"open","sticky":false,"template":"","format":"standard","meta":{"_acf_changed":false,"footnotes":""},"categories":[1578,1568],"tags":[1921,5662,5663,5664,5665,5666,5667,5668,5669,5670,5671,5672,5673,5674,5675,5676,3776,5677,5678,5679,5680,5681,5682,5683,5684,5685,5686,5687,5688,5689,5690,5691,5692,5693,5694,5695,5696,5697,5698,3808,5699,5700,5701,5702,5703,5704,5705,5706,5707,5708,5709,5710],"class_list":["post-73157","post","type-post","status-publish","format-standard","has-post-thumbnail","hentry","category-amerikas","category-bahn-binnenschifffahrt-strasse","tag-act-research","tag-analyse-du-marche-des-camions","tag-auktionen-lastwagen","tag-average-retail-prices","tag-camions-americains","tag-camions-de-classe-8","tag-chiffres-de-vente-camions","tag-class-8-truck","tag-class-8-trucks","tag-deutsch-gebrauchte-lastwagen","tag-durchschnittliche-einzelhandelspreise","tag-einzelhandelsumsaetze-lkw","tag-encheres-de-camions","tag-evolution-des-prix-camions-doccasion","tag-gebrauchtfahrzeuge-usa","tag-grosshandelsbereich-lkw","tag-industrie-du-transport-usa","tag-infrastructure-des-camions","tag-klasse-8-trucks","tag-lkw-auktionen","tag-lkw-infrastruktur-english-used-trucks","tag-lkw-klasse-8","tag-lkw-marktanalysen","tag-lkw-verkaeufe","tag-lkw-verkaufstrends","tag-marche-de-gros-de-camions","tag-market-trends-trucks","tag-markttrends-lastwagen","tag-preisentwicklung-gebrauchte-trucks","tag-previsions-de-prix-saisonnieres","tag-price-development-used-trucks","tag-prix-de-detail-moyens","tag-retail-sales-trucks","tag-saisonale-preisprognosen","tag-sales-figures-trucks","tag-seasonal-price-forecasts","tag-tendances-des-ventes-de-camions","tag-tendances-du-marche-des-camions","tag-transportation-industry-usa","tag-transportwirtschaft-usa","tag-truck-auctions","tag-truck-infrastructure-francais-camions-doccasion","tag-truck-market-analysis","tag-truck-sales","tag-truck-sales-trends","tag-us-trucks","tag-used-vehicles-usa","tag-vehicules-doccasion-usa","tag-ventes-au-detail-de-camions","tag-ventes-de-camions","tag-verkaufszahlen-lastwagen","tag-wholesale-truck-market"],"acf":[],"yoast_head":"<!-- This site is optimized with the Yoast SEO plugin v27.3 - https:\/\/yoast.com\/product\/yoast-seo-wordpress\/ -->\n<title>Verkaufsanstieg bei Gebrauchtlastwagen - ITJ | International Transport Journal<\/title>\n<meta name=\"robots\" content=\"index, follow, max-snippet:-1, max-image-preview:large, max-video-preview:-1\" \/>\n<link rel=\"canonical\" href=\"https:\/\/transportjournal.com\/de\/2026\/01\/15\/anstieg-der-gebrauchten-lastwagenverkaeufe\/\" \/>\n<meta property=\"og:locale\" content=\"de_DE\" \/>\n<meta property=\"og:type\" content=\"article\" \/>\n<meta property=\"og:title\" content=\"Verkaufsanstieg bei Gebrauchtlastwagen - ITJ | International Transport Journal\" \/>\n<meta property=\"og:description\" content=\"Im Dezember 2025 stiegen die Verkaufszahlen f\u00fcr gebrauchte Trucks in den USA um 12%, w\u00e4hrend die Auktionen einen Anstieg von 50% verzeichneten.\" \/>\n<meta property=\"og:url\" content=\"https:\/\/transportjournal.com\/de\/2026\/01\/15\/anstieg-der-gebrauchten-lastwagenverkaeufe\/\" \/>\n<meta property=\"og:site_name\" content=\"ITJ | International Transport Journal\" \/>\n<meta property=\"article:published_time\" content=\"2026-01-15T09:27:17+00:00\" \/>\n<meta property=\"article:modified_time\" content=\"2026-01-22T12:25:35+00:00\" \/>\n<meta property=\"og:image\" content=\"https:\/\/transportjournal.com\/wp-content\/uploads\/sites\/2\/2026\/01\/DSC_3534copy-scaled-aspect-ratio-1400-788.jpg\" \/>\n\t<meta property=\"og:image:width\" content=\"2403\" \/>\n\t<meta property=\"og:image:height\" content=\"1352\" \/>\n\t<meta property=\"og:image:type\" content=\"image\/jpeg\" \/>\n<meta name=\"author\" content=\"Jeremy Soland\" \/>\n<meta name=\"twitter:card\" content=\"summary_large_image\" \/>\n<meta name=\"twitter:label1\" content=\"Verfasst von\" \/>\n\t<meta name=\"twitter:data1\" content=\"Jeremy Soland\" \/>\n\t<meta name=\"twitter:label2\" content=\"Gesch\u00e4tzte Lesezeit\" \/>\n\t<meta name=\"twitter:data2\" content=\"1\u00a0Minute\" \/>\n<script type=\"application\/ld+json\" class=\"yoast-schema-graph\">{\"@context\":\"https:\\\/\\\/schema.org\",\"@graph\":[{\"@type\":\"Article\",\"@id\":\"https:\\\/\\\/transportjournal.com\\\/de\\\/2026\\\/01\\\/15\\\/anstieg-der-gebrauchten-lastwagenverkaeufe\\\/#article\",\"isPartOf\":{\"@id\":\"https:\\\/\\\/transportjournal.com\\\/de\\\/2026\\\/01\\\/15\\\/anstieg-der-gebrauchten-lastwagenverkaeufe\\\/\"},\"author\":{\"name\":\"Jeremy Soland\",\"@id\":\"https:\\\/\\\/transportjournal.com\\\/de\\\/#\\\/schema\\\/person\\\/41d36b5474b623392fa613e97e2363fa\"},\"headline\":\"Verkaufsanstieg bei Gebrauchtlastwagen\",\"datePublished\":\"2026-01-15T09:27:17+00:00\",\"dateModified\":\"2026-01-22T12:25:35+00:00\",\"mainEntityOfPage\":{\"@id\":\"https:\\\/\\\/transportjournal.com\\\/de\\\/2026\\\/01\\\/15\\\/anstieg-der-gebrauchten-lastwagenverkaeufe\\\/\"},\"wordCount\":168,\"commentCount\":0,\"publisher\":{\"@id\":\"https:\\\/\\\/transportjournal.com\\\/de\\\/#organization\"},\"image\":{\"@id\":\"https:\\\/\\\/transportjournal.com\\\/de\\\/2026\\\/01\\\/15\\\/anstieg-der-gebrauchten-lastwagenverkaeufe\\\/#primaryimage\"},\"thumbnailUrl\":\"https:\\\/\\\/transportjournal.com\\\/wp-content\\\/uploads\\\/sites\\\/2\\\/2026\\\/01\\\/DSC_3534copy-scaled-aspect-ratio-1400-788.jpg\",\"keywords\":[\"ACT Research\",\"analyse du march\u00e9 des camions\",\"Auktionen Lastwagen\",\"average retail prices\",\"camions am\u00e9ricains\",\"camions de classe 8\",\"chiffres de vente camions\",\"Class 8 truck\",\"Class 8 trucks\",\"Deutsch gebrauchte Lastwagen\",\"durchschnittliche Einzelhandelspreise\",\"Einzelhandelsums\u00e4tze Lkw\",\"ench\u00e8res de camions\",\"\u00e9volution des prix camions d'occasion\",\"Gebrauchtfahrzeuge USA\",\"Grosshandelsbereich Lkw\",\"industrie du transport USA\",\"infrastructure des camions\",\"Klasse 8 Trucks\",\"Lkw-Auktionen\",\"Lkw-Infrastruktur English used trucks\",\"Lkw-Klasse 8\",\"Lkw-Marktanalysen\",\"Lkw-Verk\u00e4ufe\",\"Lkw-Verkaufstrends\",\"march\u00e9 de gros de camions\",\"market trends trucks\",\"Markttrends Lastwagen\",\"Preisentwicklung gebrauchte Trucks\",\"pr\u00e9visions de prix saisonni\u00e8res\",\"price development used trucks\",\"prix de d\u00e9tail moyens\",\"retail sales trucks\",\"saisonale Preisprognosen\",\"sales figures trucks\",\"seasonal price forecasts\",\"tendances des ventes de camions\",\"tendances du march\u00e9 des camions\",\"transportation industry USA\",\"Transportwirtschaft USA\",\"truck auctions\",\"truck infrastructure Fran\u00e7ais camions d'occasion\",\"truck market analysis\",\"truck sales\",\"truck sales trends\",\"US-Trucks\",\"used vehicles USA\",\"v\u00e9hicules d'occasion USA\",\"ventes au d\u00e9tail de camions\",\"ventes de camions\",\"Verkaufszahlen Lastwagen\",\"wholesale truck market\"],\"articleSection\":[\"Amerikas\",\"Intermodal \\\/ Stra\u00dfe\"],\"inLanguage\":\"de\",\"potentialAction\":[{\"@type\":\"CommentAction\",\"name\":\"Comment\",\"target\":[\"https:\\\/\\\/transportjournal.com\\\/de\\\/2026\\\/01\\\/15\\\/anstieg-der-gebrauchten-lastwagenverkaeufe\\\/#respond\"]}]},{\"@type\":\"WebPage\",\"@id\":\"https:\\\/\\\/transportjournal.com\\\/de\\\/2026\\\/01\\\/15\\\/anstieg-der-gebrauchten-lastwagenverkaeufe\\\/\",\"url\":\"https:\\\/\\\/transportjournal.com\\\/de\\\/2026\\\/01\\\/15\\\/anstieg-der-gebrauchten-lastwagenverkaeufe\\\/\",\"name\":\"Verkaufsanstieg bei Gebrauchtlastwagen - ITJ | International Transport Journal\",\"isPartOf\":{\"@id\":\"https:\\\/\\\/transportjournal.com\\\/de\\\/#website\"},\"primaryImageOfPage\":{\"@id\":\"https:\\\/\\\/transportjournal.com\\\/de\\\/2026\\\/01\\\/15\\\/anstieg-der-gebrauchten-lastwagenverkaeufe\\\/#primaryimage\"},\"image\":{\"@id\":\"https:\\\/\\\/transportjournal.com\\\/de\\\/2026\\\/01\\\/15\\\/anstieg-der-gebrauchten-lastwagenverkaeufe\\\/#primaryimage\"},\"thumbnailUrl\":\"https:\\\/\\\/transportjournal.com\\\/wp-content\\\/uploads\\\/sites\\\/2\\\/2026\\\/01\\\/DSC_3534copy-scaled-aspect-ratio-1400-788.jpg\",\"datePublished\":\"2026-01-15T09:27:17+00:00\",\"dateModified\":\"2026-01-22T12:25:35+00:00\",\"breadcrumb\":{\"@id\":\"https:\\\/\\\/transportjournal.com\\\/de\\\/2026\\\/01\\\/15\\\/anstieg-der-gebrauchten-lastwagenverkaeufe\\\/#breadcrumb\"},\"inLanguage\":\"de\",\"potentialAction\":[{\"@type\":\"ReadAction\",\"target\":[\"https:\\\/\\\/transportjournal.com\\\/de\\\/2026\\\/01\\\/15\\\/anstieg-der-gebrauchten-lastwagenverkaeufe\\\/\"]}]},{\"@type\":\"ImageObject\",\"inLanguage\":\"de\",\"@id\":\"https:\\\/\\\/transportjournal.com\\\/de\\\/2026\\\/01\\\/15\\\/anstieg-der-gebrauchten-lastwagenverkaeufe\\\/#primaryimage\",\"url\":\"https:\\\/\\\/transportjournal.com\\\/wp-content\\\/uploads\\\/sites\\\/2\\\/2026\\\/01\\\/DSC_3534copy-scaled-aspect-ratio-1400-788.jpg\",\"contentUrl\":\"https:\\\/\\\/transportjournal.com\\\/wp-content\\\/uploads\\\/sites\\\/2\\\/2026\\\/01\\\/DSC_3534copy-scaled-aspect-ratio-1400-788.jpg\",\"width\":2403,\"height\":1352},{\"@type\":\"BreadcrumbList\",\"@id\":\"https:\\\/\\\/transportjournal.com\\\/de\\\/2026\\\/01\\\/15\\\/anstieg-der-gebrauchten-lastwagenverkaeufe\\\/#breadcrumb\",\"itemListElement\":[{\"@type\":\"ListItem\",\"position\":1,\"name\":\"Startseite\",\"item\":\"https:\\\/\\\/transportjournal.com\\\/de\\\/\"},{\"@type\":\"ListItem\",\"position\":2,\"name\":\"Anstieg der gebrauchten Lastwagenverk\u00e4ufe\"}]},{\"@type\":\"WebSite\",\"@id\":\"https:\\\/\\\/transportjournal.com\\\/de\\\/#website\",\"url\":\"https:\\\/\\\/transportjournal.com\\\/de\\\/\",\"name\":\"ITJ | International Transport Journal\",\"description\":\"Stay informed with the latest global news from the transport, logistics, and supply chain industries. Transport Journal delivers expert insights, analysis, and updates across shipping, aviation, intermodal, and forwarding.\",\"publisher\":{\"@id\":\"https:\\\/\\\/transportjournal.com\\\/de\\\/#organization\"},\"potentialAction\":[{\"@type\":\"SearchAction\",\"target\":{\"@type\":\"EntryPoint\",\"urlTemplate\":\"https:\\\/\\\/transportjournal.com\\\/de\\\/?s={search_term_string}\"},\"query-input\":{\"@type\":\"PropertyValueSpecification\",\"valueRequired\":true,\"valueName\":\"search_term_string\"}}],\"inLanguage\":\"de\"},{\"@type\":\"Organization\",\"@id\":\"https:\\\/\\\/transportjournal.com\\\/de\\\/#organization\",\"name\":\"Groupe Logismedia AG\",\"alternateName\":\"Logismedia Group AG\",\"url\":\"https:\\\/\\\/transportjournal.com\\\/de\\\/\",\"logo\":{\"@type\":\"ImageObject\",\"inLanguage\":\"de\",\"@id\":\"https:\\\/\\\/transportjournal.com\\\/de\\\/#\\\/schema\\\/logo\\\/image\\\/\",\"url\":\"https:\\\/\\\/transportjournal.com\\\/wp-content\\\/uploads\\\/sites\\\/2\\\/2025\\\/09\\\/Logo_ITJ.png\",\"contentUrl\":\"https:\\\/\\\/transportjournal.com\\\/wp-content\\\/uploads\\\/sites\\\/2\\\/2025\\\/09\\\/Logo_ITJ.png\",\"width\":799,\"height\":326,\"caption\":\"Groupe Logismedia AG\"},\"image\":{\"@id\":\"https:\\\/\\\/transportjournal.com\\\/de\\\/#\\\/schema\\\/logo\\\/image\\\/\"},\"sameAs\":[\"https:\\\/\\\/www.linkedin.com\\\/company\\\/56456496\\\/admin\\\/dashboard\\\/\",\"https:\\\/\\\/www.instagram.com\\\/logismediagroup\\\/\",\"https:\\\/\\\/www.youtube.com\\\/@LogiamediaGroupAG\"]},{\"@type\":\"Person\",\"@id\":\"https:\\\/\\\/transportjournal.com\\\/de\\\/#\\\/schema\\\/person\\\/41d36b5474b623392fa613e97e2363fa\",\"name\":\"Jeremy Soland\",\"url\":\"https:\\\/\\\/transportjournal.com\\\/de\\\/author\\\/jeremy\\\/\"}]}<\/script>\n<!-- \/ Yoast SEO plugin. -->","yoast_head_json":{"title":"Verkaufsanstieg bei Gebrauchtlastwagen - ITJ | International Transport Journal","robots":{"index":"index","follow":"follow","max-snippet":"max-snippet:-1","max-image-preview":"max-image-preview:large","max-video-preview":"max-video-preview:-1"},"canonical":"https:\/\/transportjournal.com\/de\/2026\/01\/15\/anstieg-der-gebrauchten-lastwagenverkaeufe\/","og_locale":"de_DE","og_type":"article","og_title":"Verkaufsanstieg bei Gebrauchtlastwagen - ITJ | International Transport Journal","og_description":"Im Dezember 2025 stiegen die Verkaufszahlen f\u00fcr gebrauchte Trucks in den USA um 12%, w\u00e4hrend die Auktionen einen Anstieg von 50% verzeichneten.","og_url":"https:\/\/transportjournal.com\/de\/2026\/01\/15\/anstieg-der-gebrauchten-lastwagenverkaeufe\/","og_site_name":"ITJ | International Transport Journal","article_published_time":"2026-01-15T09:27:17+00:00","article_modified_time":"2026-01-22T12:25:35+00:00","og_image":[{"width":2403,"height":1352,"url":"https:\/\/transportjournal.com\/wp-content\/uploads\/sites\/2\/2026\/01\/DSC_3534copy-scaled-aspect-ratio-1400-788.jpg","type":"image\/jpeg"}],"author":"Jeremy Soland","twitter_card":"summary_large_image","twitter_misc":{"Verfasst von":"Jeremy Soland","Gesch\u00e4tzte Lesezeit":"1\u00a0Minute"},"schema":{"@context":"https:\/\/schema.org","@graph":[{"@type":"Article","@id":"https:\/\/transportjournal.com\/de\/2026\/01\/15\/anstieg-der-gebrauchten-lastwagenverkaeufe\/#article","isPartOf":{"@id":"https:\/\/transportjournal.com\/de\/2026\/01\/15\/anstieg-der-gebrauchten-lastwagenverkaeufe\/"},"author":{"name":"Jeremy Soland","@id":"https:\/\/transportjournal.com\/de\/#\/schema\/person\/41d36b5474b623392fa613e97e2363fa"},"headline":"Verkaufsanstieg bei Gebrauchtlastwagen","datePublished":"2026-01-15T09:27:17+00:00","dateModified":"2026-01-22T12:25:35+00:00","mainEntityOfPage":{"@id":"https:\/\/transportjournal.com\/de\/2026\/01\/15\/anstieg-der-gebrauchten-lastwagenverkaeufe\/"},"wordCount":168,"commentCount":0,"publisher":{"@id":"https:\/\/transportjournal.com\/de\/#organization"},"image":{"@id":"https:\/\/transportjournal.com\/de\/2026\/01\/15\/anstieg-der-gebrauchten-lastwagenverkaeufe\/#primaryimage"},"thumbnailUrl":"https:\/\/transportjournal.com\/wp-content\/uploads\/sites\/2\/2026\/01\/DSC_3534copy-scaled-aspect-ratio-1400-788.jpg","keywords":["ACT Research","analyse du march\u00e9 des camions","Auktionen Lastwagen","average retail prices","camions am\u00e9ricains","camions de classe 8","chiffres de vente camions","Class 8 truck","Class 8 trucks","Deutsch gebrauchte Lastwagen","durchschnittliche Einzelhandelspreise","Einzelhandelsums\u00e4tze Lkw","ench\u00e8res de camions","\u00e9volution des prix camions d'occasion","Gebrauchtfahrzeuge USA","Grosshandelsbereich Lkw","industrie du transport USA","infrastructure des camions","Klasse 8 Trucks","Lkw-Auktionen","Lkw-Infrastruktur English used trucks","Lkw-Klasse 8","Lkw-Marktanalysen","Lkw-Verk\u00e4ufe","Lkw-Verkaufstrends","march\u00e9 de gros de camions","market trends trucks","Markttrends Lastwagen","Preisentwicklung gebrauchte Trucks","pr\u00e9visions de prix saisonni\u00e8res","price development used trucks","prix de d\u00e9tail moyens","retail sales trucks","saisonale Preisprognosen","sales figures trucks","seasonal price forecasts","tendances des ventes de camions","tendances du march\u00e9 des camions","transportation industry USA","Transportwirtschaft USA","truck auctions","truck infrastructure Fran\u00e7ais camions d'occasion","truck market analysis","truck sales","truck sales trends","US-Trucks","used vehicles USA","v\u00e9hicules d'occasion USA","ventes au d\u00e9tail de camions","ventes de camions","Verkaufszahlen Lastwagen","wholesale truck market"],"articleSection":["Amerikas","Intermodal \/ Stra\u00dfe"],"inLanguage":"de","potentialAction":[{"@type":"CommentAction","name":"Comment","target":["https:\/\/transportjournal.com\/de\/2026\/01\/15\/anstieg-der-gebrauchten-lastwagenverkaeufe\/#respond"]}]},{"@type":"WebPage","@id":"https:\/\/transportjournal.com\/de\/2026\/01\/15\/anstieg-der-gebrauchten-lastwagenverkaeufe\/","url":"https:\/\/transportjournal.com\/de\/2026\/01\/15\/anstieg-der-gebrauchten-lastwagenverkaeufe\/","name":"Verkaufsanstieg bei Gebrauchtlastwagen - ITJ | International Transport Journal","isPartOf":{"@id":"https:\/\/transportjournal.com\/de\/#website"},"primaryImageOfPage":{"@id":"https:\/\/transportjournal.com\/de\/2026\/01\/15\/anstieg-der-gebrauchten-lastwagenverkaeufe\/#primaryimage"},"image":{"@id":"https:\/\/transportjournal.com\/de\/2026\/01\/15\/anstieg-der-gebrauchten-lastwagenverkaeufe\/#primaryimage"},"thumbnailUrl":"https:\/\/transportjournal.com\/wp-content\/uploads\/sites\/2\/2026\/01\/DSC_3534copy-scaled-aspect-ratio-1400-788.jpg","datePublished":"2026-01-15T09:27:17+00:00","dateModified":"2026-01-22T12:25:35+00:00","breadcrumb":{"@id":"https:\/\/transportjournal.com\/de\/2026\/01\/15\/anstieg-der-gebrauchten-lastwagenverkaeufe\/#breadcrumb"},"inLanguage":"de","potentialAction":[{"@type":"ReadAction","target":["https:\/\/transportjournal.com\/de\/2026\/01\/15\/anstieg-der-gebrauchten-lastwagenverkaeufe\/"]}]},{"@type":"ImageObject","inLanguage":"de","@id":"https:\/\/transportjournal.com\/de\/2026\/01\/15\/anstieg-der-gebrauchten-lastwagenverkaeufe\/#primaryimage","url":"https:\/\/transportjournal.com\/wp-content\/uploads\/sites\/2\/2026\/01\/DSC_3534copy-scaled-aspect-ratio-1400-788.jpg","contentUrl":"https:\/\/transportjournal.com\/wp-content\/uploads\/sites\/2\/2026\/01\/DSC_3534copy-scaled-aspect-ratio-1400-788.jpg","width":2403,"height":1352},{"@type":"BreadcrumbList","@id":"https:\/\/transportjournal.com\/de\/2026\/01\/15\/anstieg-der-gebrauchten-lastwagenverkaeufe\/#breadcrumb","itemListElement":[{"@type":"ListItem","position":1,"name":"Startseite","item":"https:\/\/transportjournal.com\/de\/"},{"@type":"ListItem","position":2,"name":"Anstieg der gebrauchten Lastwagenverk\u00e4ufe"}]},{"@type":"WebSite","@id":"https:\/\/transportjournal.com\/de\/#website","url":"https:\/\/transportjournal.com\/de\/","name":"ITJ | International Transport Journal","description":"Stay informed with the latest global news from the transport, logistics, and supply chain industries. Transport Journal delivers expert insights, analysis, and updates across shipping, aviation, intermodal, and forwarding.","publisher":{"@id":"https:\/\/transportjournal.com\/de\/#organization"},"potentialAction":[{"@type":"SearchAction","target":{"@type":"EntryPoint","urlTemplate":"https:\/\/transportjournal.com\/de\/?s={search_term_string}"},"query-input":{"@type":"PropertyValueSpecification","valueRequired":true,"valueName":"search_term_string"}}],"inLanguage":"de"},{"@type":"Organization","@id":"https:\/\/transportjournal.com\/de\/#organization","name":"Groupe Logismedia AG","alternateName":"Logismedia Group AG","url":"https:\/\/transportjournal.com\/de\/","logo":{"@type":"ImageObject","inLanguage":"de","@id":"https:\/\/transportjournal.com\/de\/#\/schema\/logo\/image\/","url":"https:\/\/transportjournal.com\/wp-content\/uploads\/sites\/2\/2025\/09\/Logo_ITJ.png","contentUrl":"https:\/\/transportjournal.com\/wp-content\/uploads\/sites\/2\/2025\/09\/Logo_ITJ.png","width":799,"height":326,"caption":"Groupe Logismedia AG"},"image":{"@id":"https:\/\/transportjournal.com\/de\/#\/schema\/logo\/image\/"},"sameAs":["https:\/\/www.linkedin.com\/company\/56456496\/admin\/dashboard\/","https:\/\/www.instagram.com\/logismediagroup\/","https:\/\/www.youtube.com\/@LogiamediaGroupAG"]},{"@type":"Person","@id":"https:\/\/transportjournal.com\/de\/#\/schema\/person\/41d36b5474b623392fa613e97e2363fa","name":"Jeremy Soland","url":"https:\/\/transportjournal.com\/de\/author\/jeremy\/"}]}},"_links":{"self":[{"href":"https:\/\/transportjournal.com\/de\/wp-json\/wp\/v2\/posts\/73157","targetHints":{"allow":["GET"]}}],"collection":[{"href":"https:\/\/transportjournal.com\/de\/wp-json\/wp\/v2\/posts"}],"about":[{"href":"https:\/\/transportjournal.com\/de\/wp-json\/wp\/v2\/types\/post"}],"author":[{"embeddable":true,"href":"https:\/\/transportjournal.com\/de\/wp-json\/wp\/v2\/users\/10"}],"replies":[{"embeddable":true,"href":"https:\/\/transportjournal.com\/de\/wp-json\/wp\/v2\/comments?post=73157"}],"version-history":[{"count":3,"href":"https:\/\/transportjournal.com\/de\/wp-json\/wp\/v2\/posts\/73157\/revisions"}],"predecessor-version":[{"id":74055,"href":"https:\/\/transportjournal.com\/de\/wp-json\/wp\/v2\/posts\/73157\/revisions\/74055"}],"wp:featuredmedia":[{"embeddable":true,"href":"https:\/\/transportjournal.com\/de\/wp-json\/wp\/v2\/media\/73156"}],"wp:attachment":[{"href":"https:\/\/transportjournal.com\/de\/wp-json\/wp\/v2\/media?parent=73157"}],"wp:term":[{"taxonomy":"category","embeddable":true,"href":"https:\/\/transportjournal.com\/de\/wp-json\/wp\/v2\/categories?post=73157"},{"taxonomy":"post_tag","embeddable":true,"href":"https:\/\/transportjournal.com\/de\/wp-json\/wp\/v2\/tags?post=73157"}],"curies":[{"name":"wp","href":"https:\/\/api.w.org\/{rel}","templated":true}]}}