{"id":73149,"date":"2026-01-15T09:14:04","date_gmt":"2026-01-15T09:14:04","guid":{"rendered":"https:\/\/transportjournal.com\/2026\/01\/15\/segro-mietet-flaeche-an-vinted-go\/"},"modified":"2026-01-15T09:14:04","modified_gmt":"2026-01-15T09:14:04","slug":"segro-mietet-flaeche-an-vinted-go","status":"publish","type":"post","link":"https:\/\/transportjournal.com\/de\/2026\/01\/15\/segro-mietet-flaeche-an-vinted-go\/","title":{"rendered":"SEGRO mietet Fl\u00e4che an Vinted Go"},"content":{"rendered":"<p>SEGRO hat einen Mietvertrag mit Vinted Go, dem Logistikarm des internationalen Unternehmens Vinted, unterzeichnet. Der Vertrag umfasst eine Fl\u00e4che von 23.351 m\u00b2 im Geb\u00e4ude A des SEGRO Logistics Park Saint-Martin-de-Crau in Frankreich. Der Mietbeginn ist f\u00fcr das Jahr 2026 vorgesehen.<\/p>\n<h3>St\u00e4rkung der Logistik in Frankreich<\/h3>\n<p>Die neue Mietfl\u00e4che wird Vinted Go in Frankreich unterst\u00fctzen und soll somit das Wachstum der Plattform sowie die Entwicklung der Lieferung von Second-Hand-Produkten f\u00f6rdern. Diese Vereinbarung verdeutlicht zudem die Vertiefung einer langfristigen Partnerschaft zwischen SEGRO und Vinted Go, wie das Unternehmen mitteilt.<\/p>\n<p>Die Unterzeichnung des Mietvertrags erfolgt nur wenige Monate nach einem weiteren Vertrag mit einem internationalen Logistikunternehmen \u00fcber eine Fl\u00e4che von 41.507 m\u00b2 im selben Geb\u00e4ude. Insgesamt wurden in den letzten Monaten mehr als 65.000 m\u00b2 in dem Geb\u00e4ude vermietet.<\/p>\n<p><a href=\"https:\/\/www.segro.com\/\" target=\"_blank\" rel=\"noopener noreferrer\">www.segro.com<\/a><\/p>\n","protected":false},"excerpt":{"rendered":"<p>SEGRO hat einen Mietvertrag mit Vinted Go \u00fcber 23.351 m\u00b2 im SEGRO Logistics Park Saint-Martin-de-Crau unterzeichnet, um die logistische Effizienz in Frankreich zu steigern.<\/p>\n","protected":false},"author":10,"featured_media":73148,"comment_status":"open","ping_status":"open","sticky":false,"template":"","format":"standard","meta":{"_acf_changed":false,"footnotes":""},"categories":[1575,1569],"tags":[5622,5623,5624,5625,5626,5627,2115,2116,5628,5629,5630,2122,5631,3328,3994,5632,5633,5634,2373,5635,5636,5637,5638,4000,2133,5639,5640,1831,5641,5642,2622,5643,5644,5645,5646,1800,3157,4423,5647,5648,5649,2145,5650,5651,2148,5652,5653,5654,5655,5656,5657,2641,5658,5659,5660,5661],"class_list":["post-73149","post","type-post","status-publish","format-standard","has-post-thumbnail","hentry","category-europa","category-logistik-spedition","tag-contrat-de-location-logistique","tag-corridors-en-france","tag-corridors-in-france","tag-croissance-de-la-plateforme","tag-deutsch-segro","tag-developpement-logistique","tag-digitalisierung-in-der-logistik","tag-digitalization-in-logistics","tag-entreprises-de-logistique-internationales","tag-espace-logistique","tag-espace-loue-2026","tag-fachkraeftemangel-logistik","tag-hafenbetrieb-frankreich-english-segro","tag-infrastructure-logistique","tag-infrastruktur-logistik","tag-international-logistics-companies","tag-internationale-logistikunternehmen","tag-korridore-in-frankreich","tag-labor-shortage-logistics","tag-lease-agreement-logistics","tag-leased-space-2026","tag-logistics-development","tag-logistics-france","tag-logistics-infrastructure","tag-logistics-service-providers","tag-logistics-space","tag-logistik-frankreich","tag-logistikdienstleister","tag-logistikentwicklung","tag-logistikpark-saint-martin-de-crau","tag-logistique-durable","tag-logistique-france","tag-logistische-flaechen","tag-mietflaeche-2026","tag-mietvertrag-logistik","tag-nachhaltige-logistik","tag-numerisation-dans-la-logistique","tag-operations-portuaires-france","tag-parc-logistique-saint-martin-de-crau","tag-partenariat-segro-vinted","tag-partnerschaft-segro-vinted","tag-penurie-de-main-doeuvre-logistique","tag-platform-growth","tag-port-operations-france-francais-segro","tag-prestataires-de-services-logistiques","tag-produits-doccasion","tag-saint-martin-de-crau-logistics-park","tag-second-hand-products","tag-second-hand-produkte","tag-secteur-du-transport-france","tag-segro-vinted-partnership","tag-sustainable-logistics","tag-transport-industry-france","tag-transportwirtschaft-frankreich","tag-vinted-go","tag-wachstum-der-plattform"],"acf":[],"yoast_head":"<!-- This site is optimized with the Yoast SEO plugin v27.3 - https:\/\/yoast.com\/product\/yoast-seo-wordpress\/ -->\n<title>SEGRO mietet Fl\u00e4che an Vinted Go - ITJ | International Transport Journal<\/title>\n<meta name=\"robots\" content=\"index, follow, max-snippet:-1, max-image-preview:large, max-video-preview:-1\" \/>\n<link rel=\"canonical\" href=\"https:\/\/transportjournal.com\/de\/2026\/01\/15\/segro-mietet-flaeche-an-vinted-go\/\" \/>\n<meta property=\"og:locale\" content=\"de_DE\" \/>\n<meta property=\"og:type\" content=\"article\" \/>\n<meta property=\"og:title\" content=\"SEGRO mietet Fl\u00e4che an Vinted Go - ITJ | International Transport Journal\" \/>\n<meta property=\"og:description\" content=\"SEGRO hat einen Mietvertrag mit Vinted Go \u00fcber 23.351 m\u00b2 im SEGRO Logistics Park Saint-Martin-de-Crau unterzeichnet, um die logistische Effizienz in Frankreich zu steigern.\" \/>\n<meta property=\"og:url\" content=\"https:\/\/transportjournal.com\/de\/2026\/01\/15\/segro-mietet-flaeche-an-vinted-go\/\" \/>\n<meta property=\"og:site_name\" content=\"ITJ | International Transport Journal\" \/>\n<meta property=\"article:published_time\" content=\"2026-01-15T09:14:04+00:00\" \/>\n<meta property=\"og:image\" content=\"https:\/\/transportjournal.com\/wp-content\/uploads\/sites\/2\/2026\/01\/Screenshot-2026-01-15-102346-aspect-ratio-1400-788.jpg\" \/>\n\t<meta property=\"og:image:width\" content=\"1217\" \/>\n\t<meta property=\"og:image:height\" content=\"684\" \/>\n\t<meta property=\"og:image:type\" content=\"image\/jpeg\" \/>\n<meta name=\"author\" content=\"Jeremy Soland\" \/>\n<meta name=\"twitter:card\" content=\"summary_large_image\" \/>\n<meta name=\"twitter:label1\" content=\"Verfasst von\" \/>\n\t<meta name=\"twitter:data1\" content=\"Jeremy Soland\" \/>\n\t<meta name=\"twitter:label2\" content=\"Gesch\u00e4tzte Lesezeit\" \/>\n\t<meta name=\"twitter:data2\" content=\"1\u00a0Minute\" \/>\n<script type=\"application\/ld+json\" class=\"yoast-schema-graph\">{\"@context\":\"https:\\\/\\\/schema.org\",\"@graph\":[{\"@type\":\"Article\",\"@id\":\"https:\\\/\\\/transportjournal.com\\\/de\\\/2026\\\/01\\\/15\\\/segro-mietet-flaeche-an-vinted-go\\\/#article\",\"isPartOf\":{\"@id\":\"https:\\\/\\\/transportjournal.com\\\/de\\\/2026\\\/01\\\/15\\\/segro-mietet-flaeche-an-vinted-go\\\/\"},\"author\":{\"name\":\"Jeremy Soland\",\"@id\":\"https:\\\/\\\/transportjournal.com\\\/de\\\/#\\\/schema\\\/person\\\/41d36b5474b623392fa613e97e2363fa\"},\"headline\":\"SEGRO mietet Fl\u00e4che an Vinted Go\",\"datePublished\":\"2026-01-15T09:14:04+00:00\",\"mainEntityOfPage\":{\"@id\":\"https:\\\/\\\/transportjournal.com\\\/de\\\/2026\\\/01\\\/15\\\/segro-mietet-flaeche-an-vinted-go\\\/\"},\"wordCount\":142,\"commentCount\":0,\"publisher\":{\"@id\":\"https:\\\/\\\/transportjournal.com\\\/de\\\/#organization\"},\"image\":{\"@id\":\"https:\\\/\\\/transportjournal.com\\\/de\\\/2026\\\/01\\\/15\\\/segro-mietet-flaeche-an-vinted-go\\\/#primaryimage\"},\"thumbnailUrl\":\"https:\\\/\\\/transportjournal.com\\\/wp-content\\\/uploads\\\/sites\\\/2\\\/2026\\\/01\\\/Screenshot-2026-01-15-102346-aspect-ratio-1400-788.jpg\",\"keywords\":[\"contrat de location logistique\",\"corridors en France\",\"corridors in France\",\"croissance de la plateforme\",\"Deutsch SEGRO\",\"d\u00e9veloppement logistique\",\"Digitalisierung in der Logistik\",\"digitalization in logistics\",\"entreprises de logistique internationales\",\"espace logistique\",\"espace lou\u00e9 2026\",\"Fachkr\u00e4ftemangel Logistik\",\"Hafenbetrieb Frankreich English SEGRO\",\"infrastructure logistique\",\"Infrastruktur Logistik\",\"international logistics companies\",\"internationale Logistikunternehmen\",\"Korridore in Frankreich\",\"labor shortage logistics\",\"lease agreement logistics\",\"leased space 2026\",\"logistics development\",\"logistics France\",\"logistics infrastructure\",\"logistics service providers\",\"logistics space\",\"Logistik Frankreich\",\"Logistikdienstleister\",\"Logistikentwicklung\",\"Logistikpark Saint-Martin-de-Crau\",\"logistique durable\",\"logistique France\",\"logistische Fl\u00e4chen\",\"Mietfl\u00e4che 2026\",\"Mietvertrag Logistik\",\"nachhaltige Logistik\",\"num\u00e9risation dans la logistique\",\"op\u00e9rations portuaires France\",\"parc logistique Saint-Martin-de-Crau\",\"partenariat SEGRO Vinted\",\"Partnerschaft SEGRO Vinted\",\"p\u00e9nurie de main-d'\u0153uvre logistique\",\"platform growth\",\"port operations France Fran\u00e7ais SEGRO\",\"prestataires de services logistiques\",\"produits d'occasion\",\"Saint-Martin-de-Crau logistics park\",\"second-hand products\",\"Second-Hand-Produkte\",\"secteur du transport France\",\"SEGRO Vinted partnership\",\"sustainable logistics\",\"transport industry France\",\"Transportwirtschaft Frankreich\",\"Vinted Go\",\"Wachstum der Plattform\"],\"articleSection\":[\"Europa\",\"Spedition &amp; Logistik\"],\"inLanguage\":\"de\",\"potentialAction\":[{\"@type\":\"CommentAction\",\"name\":\"Comment\",\"target\":[\"https:\\\/\\\/transportjournal.com\\\/de\\\/2026\\\/01\\\/15\\\/segro-mietet-flaeche-an-vinted-go\\\/#respond\"]}]},{\"@type\":\"WebPage\",\"@id\":\"https:\\\/\\\/transportjournal.com\\\/de\\\/2026\\\/01\\\/15\\\/segro-mietet-flaeche-an-vinted-go\\\/\",\"url\":\"https:\\\/\\\/transportjournal.com\\\/de\\\/2026\\\/01\\\/15\\\/segro-mietet-flaeche-an-vinted-go\\\/\",\"name\":\"SEGRO mietet Fl\u00e4che an Vinted Go - ITJ | International Transport Journal\",\"isPartOf\":{\"@id\":\"https:\\\/\\\/transportjournal.com\\\/de\\\/#website\"},\"primaryImageOfPage\":{\"@id\":\"https:\\\/\\\/transportjournal.com\\\/de\\\/2026\\\/01\\\/15\\\/segro-mietet-flaeche-an-vinted-go\\\/#primaryimage\"},\"image\":{\"@id\":\"https:\\\/\\\/transportjournal.com\\\/de\\\/2026\\\/01\\\/15\\\/segro-mietet-flaeche-an-vinted-go\\\/#primaryimage\"},\"thumbnailUrl\":\"https:\\\/\\\/transportjournal.com\\\/wp-content\\\/uploads\\\/sites\\\/2\\\/2026\\\/01\\\/Screenshot-2026-01-15-102346-aspect-ratio-1400-788.jpg\",\"datePublished\":\"2026-01-15T09:14:04+00:00\",\"breadcrumb\":{\"@id\":\"https:\\\/\\\/transportjournal.com\\\/de\\\/2026\\\/01\\\/15\\\/segro-mietet-flaeche-an-vinted-go\\\/#breadcrumb\"},\"inLanguage\":\"de\",\"potentialAction\":[{\"@type\":\"ReadAction\",\"target\":[\"https:\\\/\\\/transportjournal.com\\\/de\\\/2026\\\/01\\\/15\\\/segro-mietet-flaeche-an-vinted-go\\\/\"]}]},{\"@type\":\"ImageObject\",\"inLanguage\":\"de\",\"@id\":\"https:\\\/\\\/transportjournal.com\\\/de\\\/2026\\\/01\\\/15\\\/segro-mietet-flaeche-an-vinted-go\\\/#primaryimage\",\"url\":\"https:\\\/\\\/transportjournal.com\\\/wp-content\\\/uploads\\\/sites\\\/2\\\/2026\\\/01\\\/Screenshot-2026-01-15-102346-aspect-ratio-1400-788.jpg\",\"contentUrl\":\"https:\\\/\\\/transportjournal.com\\\/wp-content\\\/uploads\\\/sites\\\/2\\\/2026\\\/01\\\/Screenshot-2026-01-15-102346-aspect-ratio-1400-788.jpg\",\"width\":1217,\"height\":684},{\"@type\":\"BreadcrumbList\",\"@id\":\"https:\\\/\\\/transportjournal.com\\\/de\\\/2026\\\/01\\\/15\\\/segro-mietet-flaeche-an-vinted-go\\\/#breadcrumb\",\"itemListElement\":[{\"@type\":\"ListItem\",\"position\":1,\"name\":\"Startseite\",\"item\":\"https:\\\/\\\/transportjournal.com\\\/de\\\/\"},{\"@type\":\"ListItem\",\"position\":2,\"name\":\"SEGRO mietet Fl\u00e4che an Vinted Go\"}]},{\"@type\":\"WebSite\",\"@id\":\"https:\\\/\\\/transportjournal.com\\\/de\\\/#website\",\"url\":\"https:\\\/\\\/transportjournal.com\\\/de\\\/\",\"name\":\"ITJ | International Transport Journal\",\"description\":\"Stay informed with the latest global news from the transport, logistics, and supply chain industries. Transport Journal delivers expert insights, analysis, and updates across shipping, aviation, intermodal, and forwarding.\",\"publisher\":{\"@id\":\"https:\\\/\\\/transportjournal.com\\\/de\\\/#organization\"},\"potentialAction\":[{\"@type\":\"SearchAction\",\"target\":{\"@type\":\"EntryPoint\",\"urlTemplate\":\"https:\\\/\\\/transportjournal.com\\\/de\\\/?s={search_term_string}\"},\"query-input\":{\"@type\":\"PropertyValueSpecification\",\"valueRequired\":true,\"valueName\":\"search_term_string\"}}],\"inLanguage\":\"de\"},{\"@type\":\"Organization\",\"@id\":\"https:\\\/\\\/transportjournal.com\\\/de\\\/#organization\",\"name\":\"Groupe Logismedia AG\",\"alternateName\":\"Logismedia Group AG\",\"url\":\"https:\\\/\\\/transportjournal.com\\\/de\\\/\",\"logo\":{\"@type\":\"ImageObject\",\"inLanguage\":\"de\",\"@id\":\"https:\\\/\\\/transportjournal.com\\\/de\\\/#\\\/schema\\\/logo\\\/image\\\/\",\"url\":\"https:\\\/\\\/transportjournal.com\\\/wp-content\\\/uploads\\\/sites\\\/2\\\/2025\\\/09\\\/Logo_ITJ.png\",\"contentUrl\":\"https:\\\/\\\/transportjournal.com\\\/wp-content\\\/uploads\\\/sites\\\/2\\\/2025\\\/09\\\/Logo_ITJ.png\",\"width\":799,\"height\":326,\"caption\":\"Groupe Logismedia AG\"},\"image\":{\"@id\":\"https:\\\/\\\/transportjournal.com\\\/de\\\/#\\\/schema\\\/logo\\\/image\\\/\"},\"sameAs\":[\"https:\\\/\\\/www.linkedin.com\\\/company\\\/56456496\\\/admin\\\/dashboard\\\/\",\"https:\\\/\\\/www.instagram.com\\\/logismediagroup\\\/\",\"https:\\\/\\\/www.youtube.com\\\/@LogiamediaGroupAG\"]},{\"@type\":\"Person\",\"@id\":\"https:\\\/\\\/transportjournal.com\\\/de\\\/#\\\/schema\\\/person\\\/41d36b5474b623392fa613e97e2363fa\",\"name\":\"Jeremy Soland\",\"url\":\"https:\\\/\\\/transportjournal.com\\\/de\\\/author\\\/jeremy\\\/\"}]}<\/script>\n<!-- \/ Yoast SEO plugin. -->","yoast_head_json":{"title":"SEGRO mietet Fl\u00e4che an Vinted Go - ITJ | International Transport Journal","robots":{"index":"index","follow":"follow","max-snippet":"max-snippet:-1","max-image-preview":"max-image-preview:large","max-video-preview":"max-video-preview:-1"},"canonical":"https:\/\/transportjournal.com\/de\/2026\/01\/15\/segro-mietet-flaeche-an-vinted-go\/","og_locale":"de_DE","og_type":"article","og_title":"SEGRO mietet Fl\u00e4che an Vinted Go - ITJ | International Transport Journal","og_description":"SEGRO hat einen Mietvertrag mit Vinted Go \u00fcber 23.351 m\u00b2 im SEGRO Logistics Park Saint-Martin-de-Crau unterzeichnet, um die logistische Effizienz in Frankreich zu steigern.","og_url":"https:\/\/transportjournal.com\/de\/2026\/01\/15\/segro-mietet-flaeche-an-vinted-go\/","og_site_name":"ITJ | International Transport Journal","article_published_time":"2026-01-15T09:14:04+00:00","og_image":[{"width":1217,"height":684,"url":"https:\/\/transportjournal.com\/wp-content\/uploads\/sites\/2\/2026\/01\/Screenshot-2026-01-15-102346-aspect-ratio-1400-788.jpg","type":"image\/jpeg"}],"author":"Jeremy Soland","twitter_card":"summary_large_image","twitter_misc":{"Verfasst von":"Jeremy Soland","Gesch\u00e4tzte Lesezeit":"1\u00a0Minute"},"schema":{"@context":"https:\/\/schema.org","@graph":[{"@type":"Article","@id":"https:\/\/transportjournal.com\/de\/2026\/01\/15\/segro-mietet-flaeche-an-vinted-go\/#article","isPartOf":{"@id":"https:\/\/transportjournal.com\/de\/2026\/01\/15\/segro-mietet-flaeche-an-vinted-go\/"},"author":{"name":"Jeremy Soland","@id":"https:\/\/transportjournal.com\/de\/#\/schema\/person\/41d36b5474b623392fa613e97e2363fa"},"headline":"SEGRO mietet Fl\u00e4che an Vinted Go","datePublished":"2026-01-15T09:14:04+00:00","mainEntityOfPage":{"@id":"https:\/\/transportjournal.com\/de\/2026\/01\/15\/segro-mietet-flaeche-an-vinted-go\/"},"wordCount":142,"commentCount":0,"publisher":{"@id":"https:\/\/transportjournal.com\/de\/#organization"},"image":{"@id":"https:\/\/transportjournal.com\/de\/2026\/01\/15\/segro-mietet-flaeche-an-vinted-go\/#primaryimage"},"thumbnailUrl":"https:\/\/transportjournal.com\/wp-content\/uploads\/sites\/2\/2026\/01\/Screenshot-2026-01-15-102346-aspect-ratio-1400-788.jpg","keywords":["contrat de location logistique","corridors en France","corridors in France","croissance de la plateforme","Deutsch SEGRO","d\u00e9veloppement logistique","Digitalisierung in der Logistik","digitalization in logistics","entreprises de logistique internationales","espace logistique","espace lou\u00e9 2026","Fachkr\u00e4ftemangel Logistik","Hafenbetrieb Frankreich English SEGRO","infrastructure logistique","Infrastruktur Logistik","international logistics companies","internationale Logistikunternehmen","Korridore in Frankreich","labor shortage logistics","lease agreement logistics","leased space 2026","logistics development","logistics France","logistics infrastructure","logistics service providers","logistics space","Logistik Frankreich","Logistikdienstleister","Logistikentwicklung","Logistikpark Saint-Martin-de-Crau","logistique durable","logistique France","logistische Fl\u00e4chen","Mietfl\u00e4che 2026","Mietvertrag Logistik","nachhaltige Logistik","num\u00e9risation dans la logistique","op\u00e9rations portuaires France","parc logistique Saint-Martin-de-Crau","partenariat SEGRO Vinted","Partnerschaft SEGRO Vinted","p\u00e9nurie de main-d'\u0153uvre logistique","platform growth","port operations France Fran\u00e7ais SEGRO","prestataires de services logistiques","produits d'occasion","Saint-Martin-de-Crau logistics park","second-hand products","Second-Hand-Produkte","secteur du transport France","SEGRO Vinted partnership","sustainable logistics","transport industry France","Transportwirtschaft Frankreich","Vinted Go","Wachstum der Plattform"],"articleSection":["Europa","Spedition &amp; Logistik"],"inLanguage":"de","potentialAction":[{"@type":"CommentAction","name":"Comment","target":["https:\/\/transportjournal.com\/de\/2026\/01\/15\/segro-mietet-flaeche-an-vinted-go\/#respond"]}]},{"@type":"WebPage","@id":"https:\/\/transportjournal.com\/de\/2026\/01\/15\/segro-mietet-flaeche-an-vinted-go\/","url":"https:\/\/transportjournal.com\/de\/2026\/01\/15\/segro-mietet-flaeche-an-vinted-go\/","name":"SEGRO mietet Fl\u00e4che an Vinted Go - ITJ | International Transport Journal","isPartOf":{"@id":"https:\/\/transportjournal.com\/de\/#website"},"primaryImageOfPage":{"@id":"https:\/\/transportjournal.com\/de\/2026\/01\/15\/segro-mietet-flaeche-an-vinted-go\/#primaryimage"},"image":{"@id":"https:\/\/transportjournal.com\/de\/2026\/01\/15\/segro-mietet-flaeche-an-vinted-go\/#primaryimage"},"thumbnailUrl":"https:\/\/transportjournal.com\/wp-content\/uploads\/sites\/2\/2026\/01\/Screenshot-2026-01-15-102346-aspect-ratio-1400-788.jpg","datePublished":"2026-01-15T09:14:04+00:00","breadcrumb":{"@id":"https:\/\/transportjournal.com\/de\/2026\/01\/15\/segro-mietet-flaeche-an-vinted-go\/#breadcrumb"},"inLanguage":"de","potentialAction":[{"@type":"ReadAction","target":["https:\/\/transportjournal.com\/de\/2026\/01\/15\/segro-mietet-flaeche-an-vinted-go\/"]}]},{"@type":"ImageObject","inLanguage":"de","@id":"https:\/\/transportjournal.com\/de\/2026\/01\/15\/segro-mietet-flaeche-an-vinted-go\/#primaryimage","url":"https:\/\/transportjournal.com\/wp-content\/uploads\/sites\/2\/2026\/01\/Screenshot-2026-01-15-102346-aspect-ratio-1400-788.jpg","contentUrl":"https:\/\/transportjournal.com\/wp-content\/uploads\/sites\/2\/2026\/01\/Screenshot-2026-01-15-102346-aspect-ratio-1400-788.jpg","width":1217,"height":684},{"@type":"BreadcrumbList","@id":"https:\/\/transportjournal.com\/de\/2026\/01\/15\/segro-mietet-flaeche-an-vinted-go\/#breadcrumb","itemListElement":[{"@type":"ListItem","position":1,"name":"Startseite","item":"https:\/\/transportjournal.com\/de\/"},{"@type":"ListItem","position":2,"name":"SEGRO mietet Fl\u00e4che an Vinted Go"}]},{"@type":"WebSite","@id":"https:\/\/transportjournal.com\/de\/#website","url":"https:\/\/transportjournal.com\/de\/","name":"ITJ | International Transport Journal","description":"Stay informed with the latest global news from the transport, logistics, and supply chain industries. Transport Journal delivers expert insights, analysis, and updates across shipping, aviation, intermodal, and forwarding.","publisher":{"@id":"https:\/\/transportjournal.com\/de\/#organization"},"potentialAction":[{"@type":"SearchAction","target":{"@type":"EntryPoint","urlTemplate":"https:\/\/transportjournal.com\/de\/?s={search_term_string}"},"query-input":{"@type":"PropertyValueSpecification","valueRequired":true,"valueName":"search_term_string"}}],"inLanguage":"de"},{"@type":"Organization","@id":"https:\/\/transportjournal.com\/de\/#organization","name":"Groupe Logismedia AG","alternateName":"Logismedia Group AG","url":"https:\/\/transportjournal.com\/de\/","logo":{"@type":"ImageObject","inLanguage":"de","@id":"https:\/\/transportjournal.com\/de\/#\/schema\/logo\/image\/","url":"https:\/\/transportjournal.com\/wp-content\/uploads\/sites\/2\/2025\/09\/Logo_ITJ.png","contentUrl":"https:\/\/transportjournal.com\/wp-content\/uploads\/sites\/2\/2025\/09\/Logo_ITJ.png","width":799,"height":326,"caption":"Groupe Logismedia AG"},"image":{"@id":"https:\/\/transportjournal.com\/de\/#\/schema\/logo\/image\/"},"sameAs":["https:\/\/www.linkedin.com\/company\/56456496\/admin\/dashboard\/","https:\/\/www.instagram.com\/logismediagroup\/","https:\/\/www.youtube.com\/@LogiamediaGroupAG"]},{"@type":"Person","@id":"https:\/\/transportjournal.com\/de\/#\/schema\/person\/41d36b5474b623392fa613e97e2363fa","name":"Jeremy Soland","url":"https:\/\/transportjournal.com\/de\/author\/jeremy\/"}]}},"_links":{"self":[{"href":"https:\/\/transportjournal.com\/de\/wp-json\/wp\/v2\/posts\/73149","targetHints":{"allow":["GET"]}}],"collection":[{"href":"https:\/\/transportjournal.com\/de\/wp-json\/wp\/v2\/posts"}],"about":[{"href":"https:\/\/transportjournal.com\/de\/wp-json\/wp\/v2\/types\/post"}],"author":[{"embeddable":true,"href":"https:\/\/transportjournal.com\/de\/wp-json\/wp\/v2\/users\/10"}],"replies":[{"embeddable":true,"href":"https:\/\/transportjournal.com\/de\/wp-json\/wp\/v2\/comments?post=73149"}],"version-history":[{"count":0,"href":"https:\/\/transportjournal.com\/de\/wp-json\/wp\/v2\/posts\/73149\/revisions"}],"wp:featuredmedia":[{"embeddable":true,"href":"https:\/\/transportjournal.com\/de\/wp-json\/wp\/v2\/media\/73148"}],"wp:attachment":[{"href":"https:\/\/transportjournal.com\/de\/wp-json\/wp\/v2\/media?parent=73149"}],"wp:term":[{"taxonomy":"category","embeddable":true,"href":"https:\/\/transportjournal.com\/de\/wp-json\/wp\/v2\/categories?post=73149"},{"taxonomy":"post_tag","embeddable":true,"href":"https:\/\/transportjournal.com\/de\/wp-json\/wp\/v2\/tags?post=73149"}],"curies":[{"name":"wp","href":"https:\/\/api.w.org\/{rel}","templated":true}]}}