{"id":73125,"date":"2026-01-15T08:26:37","date_gmt":"2026-01-15T08:26:37","guid":{"rendered":"https:\/\/transportjournal.com\/2026\/01\/15\/rueckgang-bei-passagieren-und-frachtsteigerung\/"},"modified":"2026-01-15T08:26:37","modified_gmt":"2026-01-15T08:26:37","slug":"rueckgang-bei-passagieren-und-frachtsteigerung","status":"publish","type":"post","link":"https:\/\/transportjournal.com\/de\/2026\/01\/15\/rueckgang-bei-passagieren-und-frachtsteigerung\/","title":{"rendered":"R\u00fcckgang bei Passagieren und Frachtsteigerung"},"content":{"rendered":"<p>Maastricht Aachen Airport hat die ersten Ergebnisse f\u00fcr das Jahr 2025 ver\u00f6ffentlicht. Die Flughafenbetreiber berichten von einer deutlichen Steigerung des Luftfrachtvolumens, w\u00e4hrend die Passagierzahlen im Vergleich zum Vorjahr gesunken sind. Insgesamt wurden im Jahr 2025 am Flughafen 41.636 t Fracht abgewickelt, w\u00e4hrend die Zahl der Passagiere bei 159.270 lag. Die Anzahl der Flugbewegungen belief sich auf 7.549, davon entfielen 1.737 auf Frachtflugzeuge und 994 auf Passagierflugzeuge. Die restlichen Bewegungen wurden durch Hubschrauber, Kleinflugzeuge und Wartungsfl\u00fcge verursacht.<\/p>\n<h3>R\u00fcckgang bei Passagieren und steigende Frachtzahlen<\/h3>\n<p>Im Gegensatz zu den Passagierzaheln verzeichnet der Flughafen einen signifikanten Anstieg im Bereich der Luftfracht. Nach einem R\u00fcckgang der Frachtzahlen seit der Renovierung der Landebahn hat der Flughafen im Jahr 2025 eine Steigerung von \u00fcber 40% erzielt. Diese Entwicklung wird als erste positive Folge der Investitionen in die Frachtabwicklung, insbesondere in der zweiten Jahresh\u00e4lfte 2025, angesehen.<\/p>\n<p>Ende 2024 hatte Maastricht Aachen Airport angek\u00fcndigt, den Fokus auf Luftfracht zu legen. Die langfristige Gesch\u00e4ftsstrategie sieht vor, 500.000 Passagiere und 200.000 t Fracht zu erreichen. W\u00e4hrend beide Bereiche f\u00fcr den Flughafen von Bedeutung sind, wird eine schnellere Rentabilit\u00e4t im Luftfrachtsektor erwartet. Diese Strategie zeigt sich bereits in den gestiegenen Frachtvolumina im Jahr 2025.<\/p>\n<h3>Neues Flughafenbeschluss und Infrastrukturmassnahmen<\/h3>\n<p>Zudem hat Maastricht Aachen Airport Anfang Januar 2026 einen Antrag auf einen neuen Flughafenbeschluss eingereicht. Dieser Schritt ist Teil der Bem\u00fchungen, den Flughafen in eine nachhaltige und zukunftsf\u00e4hige Einrichtung zu transformieren. Der Antrag umfasst unter anderem eine Verl\u00e4ngerung der operativen Landebahn auf 2.750 m, was es Frachtflugzeugen erm\u00f6glicht, schwerer beladen zu starten oder weiter entfernte Ziele anzufliegen. Diese Ma\u00dfnahmen sollen nicht nur die Wettbewerbsf\u00e4higkeit des Flughafens st\u00e4rken, sondern auch die Belastung f\u00fcr die umliegenden Gemeinden reduzieren.<\/p>\n<p>&nbsp;<\/p>\n<p><a href=\"https:\/\/www.maa.nl\/\" target=\"_blank\" rel=\"noopener noreferrer\">www.maa.nl<\/a><\/p>\n<p>&nbsp;<\/p>\n","protected":false},"excerpt":{"rendered":"<p>Maastricht Aachen Airport verzeichnete 2025 einen Anstieg des Luftfrachtvolumens um \u00fcber 40%, w\u00e4hrend die Passagierzahlen auf 159.270 sanken.<\/p>\n","protected":false},"author":12,"featured_media":73124,"comment_status":"open","ping_status":"open","sticky":false,"template":"","format":"standard","meta":{"_acf_changed":false,"footnotes":""},"categories":[1575,1570,1573],"tags":[3447,5501,5502,3619,5503,5504,5505,5506,5507,5508,3402,2265,5509,5510,2115,4521,5511,5512,5513,5514,5515,3632,5516,2032,5517,1958,5291,5518,4091,5293,5519,2125,3643,5520,5521,5522,5523,2133,1831,3472,5524,5525,5526,3475,5527,3157,5528,5529,5530,5531,2148,5532,5533,5534,5535,4105,2155,1837,5311],"class_list":["post-73125","post","type-post","status-publish","format-standard","has-post-thumbnail","hentry","category-europa","category-luftfracht","category-regionen","tag-air-freight-market","tag-air-freight-strategy","tag-air-traffic","tag-airport-infrastructure","tag-airport-management-francais-fret-aerien","tag-airport-operations","tag-airport-resolution","tag-augmentation-du-fret","tag-avions-cargo","tag-baisse-du-nombre-de-passagers","tag-cargo-aircraft","tag-deutsch-luftfracht","tag-developpement-aeroportuaire-durable","tag-developpement-aeroportuaire-europeen","tag-digitalisierung-in-der-logistik","tag-digitization-in-logistics","tag-europaeische-flughafenentwicklung","tag-european-airport-development","tag-fachkraeftemangel-in-der-luftfahrt","tag-flughafenbeschluss","tag-flughafenbetrieb","tag-flughafeninfrastruktur","tag-flughafenmanagement-english-air-freight","tag-frachtflugzeuge","tag-frachtsteigerung","tag-frachttransport","tag-frachtvolumen-2025","tag-freight-increase","tag-freight-transport","tag-freight-volume-2025","tag-gestion-aeroportuaire","tag-industrie-du-transport","tag-infrastructure-aeroportuaire","tag-investissements-dans-le-traitement-du-fret","tag-investitionen-in-frachtabwicklung","tag-investments-in-freight-handling","tag-labor-shortage-in-aviation","tag-logistics-service-providers","tag-logistikdienstleister","tag-luftfrachtmarkt","tag-luftfrachtstrategie","tag-luftverkehr","tag-maastricht-aachen-airport","tag-marche-du-fret-aerien","tag-nachhaltige-flughafenentwicklung","tag-numerisation-dans-la-logistique","tag-operations-aeroportuaires","tag-passagierzahlen-rueckgang","tag-passenger-numbers-decline","tag-penurie-de-main-doeuvre-dans-laviation","tag-prestataires-de-services-logistiques","tag-resolution-aeroportuaire","tag-strategie-de-fret-aerien","tag-sustainable-airport-development","tag-trafic-aerien","tag-transport-de-fret","tag-transport-industry","tag-transportwirtschaft","tag-volume-de-fret-2025"],"acf":[],"yoast_head":"<!-- This site is optimized with the Yoast SEO plugin v27.3 - https:\/\/yoast.com\/product\/yoast-seo-wordpress\/ -->\n<title>R\u00fcckgang bei Passagieren und Frachtsteigerung - ITJ | International Transport Journal<\/title>\n<meta name=\"robots\" content=\"index, follow, max-snippet:-1, max-image-preview:large, max-video-preview:-1\" \/>\n<link rel=\"canonical\" href=\"https:\/\/transportjournal.com\/de\/2026\/01\/15\/rueckgang-bei-passagieren-und-frachtsteigerung\/\" \/>\n<meta property=\"og:locale\" content=\"de_DE\" \/>\n<meta property=\"og:type\" content=\"article\" \/>\n<meta property=\"og:title\" content=\"R\u00fcckgang bei Passagieren und Frachtsteigerung - ITJ | International Transport Journal\" \/>\n<meta property=\"og:description\" content=\"Maastricht Aachen Airport verzeichnete 2025 einen Anstieg des Luftfrachtvolumens um \u00fcber 40%, w\u00e4hrend die Passagierzahlen auf 159.270 sanken.\" \/>\n<meta property=\"og:url\" content=\"https:\/\/transportjournal.com\/de\/2026\/01\/15\/rueckgang-bei-passagieren-und-frachtsteigerung\/\" \/>\n<meta property=\"og:site_name\" content=\"ITJ | International Transport Journal\" \/>\n<meta property=\"article:published_time\" content=\"2026-01-15T08:26:37+00:00\" \/>\n<meta property=\"og:image\" content=\"https:\/\/transportjournal.com\/wp-content\/uploads\/sites\/2\/2026\/01\/MAA-615821362_1440700054442875_7059948635848186391_n-aspect-ratio-1400-788.jpg\" \/>\n\t<meta property=\"og:image:width\" content=\"2048\" \/>\n\t<meta property=\"og:image:height\" content=\"1153\" \/>\n\t<meta property=\"og:image:type\" content=\"image\/jpeg\" \/>\n<meta name=\"author\" content=\"Andreas Haug\" \/>\n<meta name=\"twitter:card\" content=\"summary_large_image\" \/>\n<meta name=\"twitter:label1\" content=\"Verfasst von\" \/>\n\t<meta name=\"twitter:data1\" content=\"Andreas Haug\" \/>\n\t<meta name=\"twitter:label2\" content=\"Gesch\u00e4tzte Lesezeit\" \/>\n\t<meta name=\"twitter:data2\" content=\"1\u00a0Minute\" \/>\n<script type=\"application\/ld+json\" class=\"yoast-schema-graph\">{\"@context\":\"https:\\\/\\\/schema.org\",\"@graph\":[{\"@type\":\"Article\",\"@id\":\"https:\\\/\\\/transportjournal.com\\\/de\\\/2026\\\/01\\\/15\\\/rueckgang-bei-passagieren-und-frachtsteigerung\\\/#article\",\"isPartOf\":{\"@id\":\"https:\\\/\\\/transportjournal.com\\\/de\\\/2026\\\/01\\\/15\\\/rueckgang-bei-passagieren-und-frachtsteigerung\\\/\"},\"author\":{\"name\":\"Andreas Haug\",\"@id\":\"https:\\\/\\\/transportjournal.com\\\/de\\\/#\\\/schema\\\/person\\\/cf538b3157f15afd7589245a4b3dbd25\"},\"headline\":\"R\u00fcckgang bei Passagieren und Frachtsteigerung\",\"datePublished\":\"2026-01-15T08:26:37+00:00\",\"mainEntityOfPage\":{\"@id\":\"https:\\\/\\\/transportjournal.com\\\/de\\\/2026\\\/01\\\/15\\\/rueckgang-bei-passagieren-und-frachtsteigerung\\\/\"},\"wordCount\":288,\"commentCount\":0,\"publisher\":{\"@id\":\"https:\\\/\\\/transportjournal.com\\\/de\\\/#organization\"},\"image\":{\"@id\":\"https:\\\/\\\/transportjournal.com\\\/de\\\/2026\\\/01\\\/15\\\/rueckgang-bei-passagieren-und-frachtsteigerung\\\/#primaryimage\"},\"thumbnailUrl\":\"https:\\\/\\\/transportjournal.com\\\/wp-content\\\/uploads\\\/sites\\\/2\\\/2026\\\/01\\\/MAA-615821362_1440700054442875_7059948635848186391_n-aspect-ratio-1400-788.jpg\",\"keywords\":[\"air freight market\",\"air freight strategy\",\"air traffic\",\"airport infrastructure\",\"airport management Fran\u00e7ais fret a\u00e9rien\",\"airport operations\",\"airport resolution\",\"augmentation du fret\",\"avions cargo\",\"baisse du nombre de passagers\",\"cargo aircraft\",\"Deutsch Luftfracht\",\"d\u00e9veloppement a\u00e9roportuaire durable\",\"d\u00e9veloppement a\u00e9roportuaire europ\u00e9en\",\"Digitalisierung in der Logistik\",\"digitization in logistics\",\"europ\u00e4ische Flughafenentwicklung\",\"European airport development\",\"Fachkr\u00e4ftemangel in der Luftfahrt\",\"Flughafenbeschluss\",\"Flughafenbetrieb\",\"Flughafeninfrastruktur\",\"Flughafenmanagement English air freight\",\"Frachtflugzeuge\",\"Frachtsteigerung\",\"Frachttransport\",\"Frachtvolumen 2025\",\"freight increase\",\"freight transport\",\"freight volume 2025\",\"gestion a\u00e9roportuaire\",\"industrie du transport\",\"infrastructure a\u00e9roportuaire\",\"investissements dans le traitement du fret\",\"Investitionen in Frachtabwicklung\",\"investments in freight handling\",\"labor shortage in aviation\",\"logistics service providers\",\"Logistikdienstleister\",\"Luftfrachtmarkt\",\"Luftfrachtstrategie\",\"Luftverkehr\",\"Maastricht Aachen Airport\",\"march\u00e9 du fret a\u00e9rien\",\"nachhaltige Flughafenentwicklung\",\"num\u00e9risation dans la logistique\",\"op\u00e9rations a\u00e9roportuaires\",\"Passagierzahlen R\u00fcckgang\",\"passenger numbers decline\",\"p\u00e9nurie de main-d'\u0153uvre dans l'aviation\",\"prestataires de services logistiques\",\"r\u00e9solution a\u00e9roportuaire\",\"strat\u00e9gie de fret a\u00e9rien\",\"sustainable airport development\",\"trafic a\u00e9rien\",\"transport de fret\",\"transport industry\",\"Transportwirtschaft\",\"volume de fret 2025\"],\"articleSection\":[\"Europa\",\"Luftfracht\",\"Regionen\"],\"inLanguage\":\"de\",\"potentialAction\":[{\"@type\":\"CommentAction\",\"name\":\"Comment\",\"target\":[\"https:\\\/\\\/transportjournal.com\\\/de\\\/2026\\\/01\\\/15\\\/rueckgang-bei-passagieren-und-frachtsteigerung\\\/#respond\"]}]},{\"@type\":\"WebPage\",\"@id\":\"https:\\\/\\\/transportjournal.com\\\/de\\\/2026\\\/01\\\/15\\\/rueckgang-bei-passagieren-und-frachtsteigerung\\\/\",\"url\":\"https:\\\/\\\/transportjournal.com\\\/de\\\/2026\\\/01\\\/15\\\/rueckgang-bei-passagieren-und-frachtsteigerung\\\/\",\"name\":\"R\u00fcckgang bei Passagieren und Frachtsteigerung - ITJ | International Transport Journal\",\"isPartOf\":{\"@id\":\"https:\\\/\\\/transportjournal.com\\\/de\\\/#website\"},\"primaryImageOfPage\":{\"@id\":\"https:\\\/\\\/transportjournal.com\\\/de\\\/2026\\\/01\\\/15\\\/rueckgang-bei-passagieren-und-frachtsteigerung\\\/#primaryimage\"},\"image\":{\"@id\":\"https:\\\/\\\/transportjournal.com\\\/de\\\/2026\\\/01\\\/15\\\/rueckgang-bei-passagieren-und-frachtsteigerung\\\/#primaryimage\"},\"thumbnailUrl\":\"https:\\\/\\\/transportjournal.com\\\/wp-content\\\/uploads\\\/sites\\\/2\\\/2026\\\/01\\\/MAA-615821362_1440700054442875_7059948635848186391_n-aspect-ratio-1400-788.jpg\",\"datePublished\":\"2026-01-15T08:26:37+00:00\",\"breadcrumb\":{\"@id\":\"https:\\\/\\\/transportjournal.com\\\/de\\\/2026\\\/01\\\/15\\\/rueckgang-bei-passagieren-und-frachtsteigerung\\\/#breadcrumb\"},\"inLanguage\":\"de\",\"potentialAction\":[{\"@type\":\"ReadAction\",\"target\":[\"https:\\\/\\\/transportjournal.com\\\/de\\\/2026\\\/01\\\/15\\\/rueckgang-bei-passagieren-und-frachtsteigerung\\\/\"]}]},{\"@type\":\"ImageObject\",\"inLanguage\":\"de\",\"@id\":\"https:\\\/\\\/transportjournal.com\\\/de\\\/2026\\\/01\\\/15\\\/rueckgang-bei-passagieren-und-frachtsteigerung\\\/#primaryimage\",\"url\":\"https:\\\/\\\/transportjournal.com\\\/wp-content\\\/uploads\\\/sites\\\/2\\\/2026\\\/01\\\/MAA-615821362_1440700054442875_7059948635848186391_n-aspect-ratio-1400-788.jpg\",\"contentUrl\":\"https:\\\/\\\/transportjournal.com\\\/wp-content\\\/uploads\\\/sites\\\/2\\\/2026\\\/01\\\/MAA-615821362_1440700054442875_7059948635848186391_n-aspect-ratio-1400-788.jpg\",\"width\":2048,\"height\":1153},{\"@type\":\"BreadcrumbList\",\"@id\":\"https:\\\/\\\/transportjournal.com\\\/de\\\/2026\\\/01\\\/15\\\/rueckgang-bei-passagieren-und-frachtsteigerung\\\/#breadcrumb\",\"itemListElement\":[{\"@type\":\"ListItem\",\"position\":1,\"name\":\"Startseite\",\"item\":\"https:\\\/\\\/transportjournal.com\\\/de\\\/\"},{\"@type\":\"ListItem\",\"position\":2,\"name\":\"R\u00fcckgang bei Passagieren und Frachtsteigerung\"}]},{\"@type\":\"WebSite\",\"@id\":\"https:\\\/\\\/transportjournal.com\\\/de\\\/#website\",\"url\":\"https:\\\/\\\/transportjournal.com\\\/de\\\/\",\"name\":\"ITJ | International Transport Journal\",\"description\":\"Stay informed with the latest global news from the transport, logistics, and supply chain industries. Transport Journal delivers expert insights, analysis, and updates across shipping, aviation, intermodal, and forwarding.\",\"publisher\":{\"@id\":\"https:\\\/\\\/transportjournal.com\\\/de\\\/#organization\"},\"potentialAction\":[{\"@type\":\"SearchAction\",\"target\":{\"@type\":\"EntryPoint\",\"urlTemplate\":\"https:\\\/\\\/transportjournal.com\\\/de\\\/?s={search_term_string}\"},\"query-input\":{\"@type\":\"PropertyValueSpecification\",\"valueRequired\":true,\"valueName\":\"search_term_string\"}}],\"inLanguage\":\"de\"},{\"@type\":\"Organization\",\"@id\":\"https:\\\/\\\/transportjournal.com\\\/de\\\/#organization\",\"name\":\"Groupe Logismedia AG\",\"alternateName\":\"Logismedia Group AG\",\"url\":\"https:\\\/\\\/transportjournal.com\\\/de\\\/\",\"logo\":{\"@type\":\"ImageObject\",\"inLanguage\":\"de\",\"@id\":\"https:\\\/\\\/transportjournal.com\\\/de\\\/#\\\/schema\\\/logo\\\/image\\\/\",\"url\":\"https:\\\/\\\/transportjournal.com\\\/wp-content\\\/uploads\\\/sites\\\/2\\\/2025\\\/09\\\/Logo_ITJ.png\",\"contentUrl\":\"https:\\\/\\\/transportjournal.com\\\/wp-content\\\/uploads\\\/sites\\\/2\\\/2025\\\/09\\\/Logo_ITJ.png\",\"width\":799,\"height\":326,\"caption\":\"Groupe Logismedia AG\"},\"image\":{\"@id\":\"https:\\\/\\\/transportjournal.com\\\/de\\\/#\\\/schema\\\/logo\\\/image\\\/\"},\"sameAs\":[\"https:\\\/\\\/www.linkedin.com\\\/company\\\/56456496\\\/admin\\\/dashboard\\\/\",\"https:\\\/\\\/www.instagram.com\\\/logismediagroup\\\/\",\"https:\\\/\\\/www.youtube.com\\\/@LogiamediaGroupAG\"]},{\"@type\":\"Person\",\"@id\":\"https:\\\/\\\/transportjournal.com\\\/de\\\/#\\\/schema\\\/person\\\/cf538b3157f15afd7589245a4b3dbd25\",\"name\":\"Andreas Haug\",\"url\":\"https:\\\/\\\/transportjournal.com\\\/de\\\/author\\\/andreas\\\/\"}]}<\/script>\n<!-- \/ Yoast SEO plugin. -->","yoast_head_json":{"title":"R\u00fcckgang bei Passagieren und Frachtsteigerung - ITJ | International Transport Journal","robots":{"index":"index","follow":"follow","max-snippet":"max-snippet:-1","max-image-preview":"max-image-preview:large","max-video-preview":"max-video-preview:-1"},"canonical":"https:\/\/transportjournal.com\/de\/2026\/01\/15\/rueckgang-bei-passagieren-und-frachtsteigerung\/","og_locale":"de_DE","og_type":"article","og_title":"R\u00fcckgang bei Passagieren und Frachtsteigerung - ITJ | International Transport Journal","og_description":"Maastricht Aachen Airport verzeichnete 2025 einen Anstieg des Luftfrachtvolumens um \u00fcber 40%, w\u00e4hrend die Passagierzahlen auf 159.270 sanken.","og_url":"https:\/\/transportjournal.com\/de\/2026\/01\/15\/rueckgang-bei-passagieren-und-frachtsteigerung\/","og_site_name":"ITJ | International Transport Journal","article_published_time":"2026-01-15T08:26:37+00:00","og_image":[{"width":2048,"height":1153,"url":"https:\/\/transportjournal.com\/wp-content\/uploads\/sites\/2\/2026\/01\/MAA-615821362_1440700054442875_7059948635848186391_n-aspect-ratio-1400-788.jpg","type":"image\/jpeg"}],"author":"Andreas Haug","twitter_card":"summary_large_image","twitter_misc":{"Verfasst von":"Andreas Haug","Gesch\u00e4tzte Lesezeit":"1\u00a0Minute"},"schema":{"@context":"https:\/\/schema.org","@graph":[{"@type":"Article","@id":"https:\/\/transportjournal.com\/de\/2026\/01\/15\/rueckgang-bei-passagieren-und-frachtsteigerung\/#article","isPartOf":{"@id":"https:\/\/transportjournal.com\/de\/2026\/01\/15\/rueckgang-bei-passagieren-und-frachtsteigerung\/"},"author":{"name":"Andreas Haug","@id":"https:\/\/transportjournal.com\/de\/#\/schema\/person\/cf538b3157f15afd7589245a4b3dbd25"},"headline":"R\u00fcckgang bei Passagieren und Frachtsteigerung","datePublished":"2026-01-15T08:26:37+00:00","mainEntityOfPage":{"@id":"https:\/\/transportjournal.com\/de\/2026\/01\/15\/rueckgang-bei-passagieren-und-frachtsteigerung\/"},"wordCount":288,"commentCount":0,"publisher":{"@id":"https:\/\/transportjournal.com\/de\/#organization"},"image":{"@id":"https:\/\/transportjournal.com\/de\/2026\/01\/15\/rueckgang-bei-passagieren-und-frachtsteigerung\/#primaryimage"},"thumbnailUrl":"https:\/\/transportjournal.com\/wp-content\/uploads\/sites\/2\/2026\/01\/MAA-615821362_1440700054442875_7059948635848186391_n-aspect-ratio-1400-788.jpg","keywords":["air freight market","air freight strategy","air traffic","airport infrastructure","airport management Fran\u00e7ais fret a\u00e9rien","airport operations","airport resolution","augmentation du fret","avions cargo","baisse du nombre de passagers","cargo aircraft","Deutsch Luftfracht","d\u00e9veloppement a\u00e9roportuaire durable","d\u00e9veloppement a\u00e9roportuaire europ\u00e9en","Digitalisierung in der Logistik","digitization in logistics","europ\u00e4ische Flughafenentwicklung","European airport development","Fachkr\u00e4ftemangel in der Luftfahrt","Flughafenbeschluss","Flughafenbetrieb","Flughafeninfrastruktur","Flughafenmanagement English air freight","Frachtflugzeuge","Frachtsteigerung","Frachttransport","Frachtvolumen 2025","freight increase","freight transport","freight volume 2025","gestion a\u00e9roportuaire","industrie du transport","infrastructure a\u00e9roportuaire","investissements dans le traitement du fret","Investitionen in Frachtabwicklung","investments in freight handling","labor shortage in aviation","logistics service providers","Logistikdienstleister","Luftfrachtmarkt","Luftfrachtstrategie","Luftverkehr","Maastricht Aachen Airport","march\u00e9 du fret a\u00e9rien","nachhaltige Flughafenentwicklung","num\u00e9risation dans la logistique","op\u00e9rations a\u00e9roportuaires","Passagierzahlen R\u00fcckgang","passenger numbers decline","p\u00e9nurie de main-d'\u0153uvre dans l'aviation","prestataires de services logistiques","r\u00e9solution a\u00e9roportuaire","strat\u00e9gie de fret a\u00e9rien","sustainable airport development","trafic a\u00e9rien","transport de fret","transport industry","Transportwirtschaft","volume de fret 2025"],"articleSection":["Europa","Luftfracht","Regionen"],"inLanguage":"de","potentialAction":[{"@type":"CommentAction","name":"Comment","target":["https:\/\/transportjournal.com\/de\/2026\/01\/15\/rueckgang-bei-passagieren-und-frachtsteigerung\/#respond"]}]},{"@type":"WebPage","@id":"https:\/\/transportjournal.com\/de\/2026\/01\/15\/rueckgang-bei-passagieren-und-frachtsteigerung\/","url":"https:\/\/transportjournal.com\/de\/2026\/01\/15\/rueckgang-bei-passagieren-und-frachtsteigerung\/","name":"R\u00fcckgang bei Passagieren und Frachtsteigerung - ITJ | International Transport Journal","isPartOf":{"@id":"https:\/\/transportjournal.com\/de\/#website"},"primaryImageOfPage":{"@id":"https:\/\/transportjournal.com\/de\/2026\/01\/15\/rueckgang-bei-passagieren-und-frachtsteigerung\/#primaryimage"},"image":{"@id":"https:\/\/transportjournal.com\/de\/2026\/01\/15\/rueckgang-bei-passagieren-und-frachtsteigerung\/#primaryimage"},"thumbnailUrl":"https:\/\/transportjournal.com\/wp-content\/uploads\/sites\/2\/2026\/01\/MAA-615821362_1440700054442875_7059948635848186391_n-aspect-ratio-1400-788.jpg","datePublished":"2026-01-15T08:26:37+00:00","breadcrumb":{"@id":"https:\/\/transportjournal.com\/de\/2026\/01\/15\/rueckgang-bei-passagieren-und-frachtsteigerung\/#breadcrumb"},"inLanguage":"de","potentialAction":[{"@type":"ReadAction","target":["https:\/\/transportjournal.com\/de\/2026\/01\/15\/rueckgang-bei-passagieren-und-frachtsteigerung\/"]}]},{"@type":"ImageObject","inLanguage":"de","@id":"https:\/\/transportjournal.com\/de\/2026\/01\/15\/rueckgang-bei-passagieren-und-frachtsteigerung\/#primaryimage","url":"https:\/\/transportjournal.com\/wp-content\/uploads\/sites\/2\/2026\/01\/MAA-615821362_1440700054442875_7059948635848186391_n-aspect-ratio-1400-788.jpg","contentUrl":"https:\/\/transportjournal.com\/wp-content\/uploads\/sites\/2\/2026\/01\/MAA-615821362_1440700054442875_7059948635848186391_n-aspect-ratio-1400-788.jpg","width":2048,"height":1153},{"@type":"BreadcrumbList","@id":"https:\/\/transportjournal.com\/de\/2026\/01\/15\/rueckgang-bei-passagieren-und-frachtsteigerung\/#breadcrumb","itemListElement":[{"@type":"ListItem","position":1,"name":"Startseite","item":"https:\/\/transportjournal.com\/de\/"},{"@type":"ListItem","position":2,"name":"R\u00fcckgang bei Passagieren und Frachtsteigerung"}]},{"@type":"WebSite","@id":"https:\/\/transportjournal.com\/de\/#website","url":"https:\/\/transportjournal.com\/de\/","name":"ITJ | International Transport Journal","description":"Stay informed with the latest global news from the transport, logistics, and supply chain industries. Transport Journal delivers expert insights, analysis, and updates across shipping, aviation, intermodal, and forwarding.","publisher":{"@id":"https:\/\/transportjournal.com\/de\/#organization"},"potentialAction":[{"@type":"SearchAction","target":{"@type":"EntryPoint","urlTemplate":"https:\/\/transportjournal.com\/de\/?s={search_term_string}"},"query-input":{"@type":"PropertyValueSpecification","valueRequired":true,"valueName":"search_term_string"}}],"inLanguage":"de"},{"@type":"Organization","@id":"https:\/\/transportjournal.com\/de\/#organization","name":"Groupe Logismedia AG","alternateName":"Logismedia Group AG","url":"https:\/\/transportjournal.com\/de\/","logo":{"@type":"ImageObject","inLanguage":"de","@id":"https:\/\/transportjournal.com\/de\/#\/schema\/logo\/image\/","url":"https:\/\/transportjournal.com\/wp-content\/uploads\/sites\/2\/2025\/09\/Logo_ITJ.png","contentUrl":"https:\/\/transportjournal.com\/wp-content\/uploads\/sites\/2\/2025\/09\/Logo_ITJ.png","width":799,"height":326,"caption":"Groupe Logismedia AG"},"image":{"@id":"https:\/\/transportjournal.com\/de\/#\/schema\/logo\/image\/"},"sameAs":["https:\/\/www.linkedin.com\/company\/56456496\/admin\/dashboard\/","https:\/\/www.instagram.com\/logismediagroup\/","https:\/\/www.youtube.com\/@LogiamediaGroupAG"]},{"@type":"Person","@id":"https:\/\/transportjournal.com\/de\/#\/schema\/person\/cf538b3157f15afd7589245a4b3dbd25","name":"Andreas Haug","url":"https:\/\/transportjournal.com\/de\/author\/andreas\/"}]}},"_links":{"self":[{"href":"https:\/\/transportjournal.com\/de\/wp-json\/wp\/v2\/posts\/73125","targetHints":{"allow":["GET"]}}],"collection":[{"href":"https:\/\/transportjournal.com\/de\/wp-json\/wp\/v2\/posts"}],"about":[{"href":"https:\/\/transportjournal.com\/de\/wp-json\/wp\/v2\/types\/post"}],"author":[{"embeddable":true,"href":"https:\/\/transportjournal.com\/de\/wp-json\/wp\/v2\/users\/12"}],"replies":[{"embeddable":true,"href":"https:\/\/transportjournal.com\/de\/wp-json\/wp\/v2\/comments?post=73125"}],"version-history":[{"count":0,"href":"https:\/\/transportjournal.com\/de\/wp-json\/wp\/v2\/posts\/73125\/revisions"}],"wp:featuredmedia":[{"embeddable":true,"href":"https:\/\/transportjournal.com\/de\/wp-json\/wp\/v2\/media\/73124"}],"wp:attachment":[{"href":"https:\/\/transportjournal.com\/de\/wp-json\/wp\/v2\/media?parent=73125"}],"wp:term":[{"taxonomy":"category","embeddable":true,"href":"https:\/\/transportjournal.com\/de\/wp-json\/wp\/v2\/categories?post=73125"},{"taxonomy":"post_tag","embeddable":true,"href":"https:\/\/transportjournal.com\/de\/wp-json\/wp\/v2\/tags?post=73125"}],"curies":[{"name":"wp","href":"https:\/\/api.w.org\/{rel}","templated":true}]}}