{"id":73073,"date":"2026-01-14T10:21:13","date_gmt":"2026-01-14T10:21:13","guid":{"rendered":"https:\/\/transportjournal.com\/2026\/01\/14\/kinaxis-ernennt-razat-gaurav-zum-ceo\/"},"modified":"2026-01-14T10:21:13","modified_gmt":"2026-01-14T10:21:13","slug":"kinaxis-ernennt-razat-gaurav-zum-ceo","status":"publish","type":"post","link":"https:\/\/transportjournal.com\/de\/2026\/01\/14\/kinaxis-ernennt-razat-gaurav-zum-ceo\/","title":{"rendered":"Kinaxis ernennt Razat Gaurav zum CEO"},"content":{"rendered":"<p>Kinaxis hat Razat Gaurav als neuen CEO ernannt, der am 12. Januar 2026 offiziell seine T\u00e4tigkeit aufgenommen hat. Gaurav bringt mehr als 25 Jahre Erfahrung im Bereich der Lieferkettenl\u00f6sungen mit und hat in der Vergangenheit in verschiedenen F\u00fchrungspositionen, unter anderem als CEO von Planview und LLamasoft, gewirkt. Seine Ernennung wurde von Bob Courteau, dem Interim-CEO und Vorsitzenden des Vorstands von Kinaxis, bekannt gegeben. Courteau betonte, dass Gaurav aufgrund seiner umfassenden Erfahrung und seiner Erfolge in der F\u00f6rderung innovationsgetriebenen Wachstums die idealen Voraussetzungen f\u00fcr diese Rolle mitbringt.<\/p>\n<h3>Erfahrung und Vision f\u00fcr die Zukunft<\/h3>\n<p>Gaurav hat sich in der Branche einen Namen gemacht, indem er globale Organisationen in wachstumsstarken M\u00e4rkten aufgebaut und skaliert hat. W\u00e4hrend seiner Zeit bei Planview leitete er die Transformation des Unternehmens in Bezug auf K\u00fcnstliche Intelligenz (KI) und entwickelte eine Plattform, die auf moderne Datenarchitekturen und KI-Funktionen setzt. Dies f\u00fchrte dazu, dass Planview seine Einnahmen mehr als verdoppeln konnte, w\u00e4hrend die Betriebsmargen hoch blieben.<\/p>\n<p>In seiner neuen Rolle bei Kinaxis \u00e4u\u00dferte Gaurav seine Vorfreude auf die R\u00fcckkehr in den Bereich der Lieferketten. Er sieht Kinaxis in einer einzigartigen Position, um die Zukunft intelligenter Lieferketten neu zu definieren. Gaurav plant, die n\u00e4chste Generation der KI-gest\u00fctzten Entscheidungsfindung und Lieferkettenorchestrierung voranzutreiben, insbesondere durch die Nutzung der Maestro-Plattform. Er betonte, dass er die Standards f\u00fcr Innovation setzen und dauerhafte Partnerschaften aufbauen m\u00f6chte, um Wert f\u00fcr Mitarbeiter, Kunden und Aktion\u00e4re zu schaffen.<\/p>\n<p>Die Ernennung von Gaurav ist Teil einer umfassenderen Strategie von Kinaxis, um langfristigen Wert f\u00fcr alle Stakeholder zu schaffen. Neben Gaurav wurden auch andere Schl\u00fcsselpositionen, wie die des Pr\u00e4sidenten f\u00fcr Global Commercial, mit Mark Morgan besetzt, um das F\u00fchrungsteam zu st\u00e4rken und nachhaltiges Wachstum zu f\u00f6rdern.<\/p>\n<p>Bob Courteau wird nach seiner \u00dcbergangszeit als Interim-CEO wieder in seine Rolle als nicht-executiver Vorsitzender des Vorstands zur\u00fcckkehren. Angel Mendez wird weiterhin als unabh\u00e4ngiger Leitender Direktor fungieren.<\/p>\n<p>Kinaxis ist bekannt f\u00fcr seine moderne Lieferkettenorchestrierung und unterst\u00fctzt Unternehmen dabei, komplexe globale Lieferketten effizient zu steuern. Die KI-gest\u00fctzte Plattform Maestro bietet Transparenz und Agilit\u00e4t \u00fcber die gesamte Lieferkette hinweg, von der strategischen Planung bis zur letzten Meile der Lieferung.<\/p>\n<p>&nbsp;<\/p>\n<p><a href=\"https:\/\/www.kinaxis.com\/\" target=\"_blank\" rel=\"noopener noreferrer\">www.kinaxis.com<\/a><\/p>\n<p>&nbsp;<\/p>\n","protected":false},"excerpt":{"rendered":"<p>Kinaxis hat Razat Gaurav als neuen CEO ernannt, der am 12. Januar 2026 seine T\u00e4tigkeit aufgenommen hat, um innovative Lieferkettenl\u00f6sungen voranzutreiben.<\/p>\n","protected":false},"author":12,"featured_media":73072,"comment_status":"open","ping_status":"open","sticky":false,"template":"","format":"standard","meta":{"_acf_changed":false,"footnotes":""},"categories":[1574,1567,1573],"tags":[5395,5396,5397,5398,5399,5400,5401,2995,5402,2211,2212,1889,2123,5403,5404,5405,2125,5406,5407,5408,3561,5409,5410,5411,2133,1831,5412,5413,5414,5415,5416,3015,5417,5418,5419,5420,3602,5421,5422,2148,5423,2237,5424,5425,5426,5427,5428,5429,5430,3029,2242,2839,1837,5431,5432],"class_list":["post-73073","post","type-post","status-publish","format-standard","has-post-thumbnail","hentry","category-asien-pazifik","category-wechsel-weltweit","category-regionen","tag-architectures-de-donnees-modernes","tag-artificial-intelligence","tag-betriebsmargen","tag-ceo-appointment","tag-ceo-ernennung","tag-creation-de-valeur","tag-croissance-axee-sur-linnovation","tag-croissance-durable","tag-deutsch-kinaxis","tag-digital-transformation","tag-digitale-transformation","tag-fachkraeftemangel","tag-gestion-de-la-chaine-dapprovisionnement","tag-gestion-des-parties-prenantes","tag-global-organizations","tag-globale-organisationen","tag-industrie-du-transport","tag-innovation-driven-growth","tag-innovationsgetriebenes-wachstum","tag-intelligence-artificielle","tag-kuenstliche-intelligenz","tag-lieferkettenloesungen","tag-lieferkettenmanagement-english-kinaxis","tag-lieferkettenorchestrierung","tag-logistics-service-providers","tag-logistikdienstleister","tag-maestro-platform","tag-maestro-plattform","tag-marges-operationnelles","tag-modern-data-architectures","tag-moderne-datenarchitekturen","tag-nachhaltiges-wachstum","tag-nomination-ceo","tag-operating-margins","tag-orchestration-de-chaine-dapprovisionnement","tag-organisations-mondiales","tag-penurie-de-competences","tag-planification-strategique","tag-plateforme-maestro","tag-prestataires-de-services-logistiques","tag-razat-gaurav","tag-skills-shortage","tag-solutions-de-chaine-dapprovisionnement","tag-stakeholder-management","tag-strategic-planning","tag-strategische-planung","tag-supply-chain-management-francais-kinaxis","tag-supply-chain-orchestration","tag-supply-chain-solutions","tag-sustainable-growth","tag-transformation-numerique","tag-transportation-industry","tag-transportwirtschaft","tag-value-creation","tag-wertschoepfung"],"acf":[],"yoast_head":"<!-- This site is optimized with the Yoast SEO plugin v27.3 - https:\/\/yoast.com\/product\/yoast-seo-wordpress\/ -->\n<title>Kinaxis ernennt Razat Gaurav zum CEO - ITJ | International Transport Journal<\/title>\n<meta name=\"robots\" content=\"index, follow, max-snippet:-1, max-image-preview:large, max-video-preview:-1\" \/>\n<link rel=\"canonical\" href=\"https:\/\/transportjournal.com\/de\/2026\/01\/14\/kinaxis-ernennt-razat-gaurav-zum-ceo\/\" \/>\n<meta property=\"og:locale\" content=\"de_DE\" \/>\n<meta property=\"og:type\" content=\"article\" \/>\n<meta property=\"og:title\" content=\"Kinaxis ernennt Razat Gaurav zum CEO - ITJ | International Transport Journal\" \/>\n<meta property=\"og:description\" content=\"Kinaxis hat Razat Gaurav als neuen CEO ernannt, der am 12. Januar 2026 seine T\u00e4tigkeit aufgenommen hat, um innovative Lieferkettenl\u00f6sungen voranzutreiben.\" \/>\n<meta property=\"og:url\" content=\"https:\/\/transportjournal.com\/de\/2026\/01\/14\/kinaxis-ernennt-razat-gaurav-zum-ceo\/\" \/>\n<meta property=\"og:site_name\" content=\"ITJ | International Transport Journal\" \/>\n<meta property=\"article:published_time\" content=\"2026-01-14T10:21:13+00:00\" \/>\n<meta property=\"og:image\" content=\"https:\/\/transportjournal.com\/wp-content\/uploads\/sites\/2\/2026\/01\/Kinaxis-Razat_Gaurav_Headshot-aspect-ratio-1400-788.jpg\" \/>\n\t<meta property=\"og:image:width\" content=\"384\" \/>\n\t<meta property=\"og:image:height\" content=\"216\" \/>\n\t<meta property=\"og:image:type\" content=\"image\/jpeg\" \/>\n<meta name=\"author\" content=\"Andreas Haug\" \/>\n<meta name=\"twitter:card\" content=\"summary_large_image\" \/>\n<meta name=\"twitter:label1\" content=\"Verfasst von\" \/>\n\t<meta name=\"twitter:data1\" content=\"Andreas Haug\" \/>\n\t<meta name=\"twitter:label2\" content=\"Gesch\u00e4tzte Lesezeit\" \/>\n\t<meta name=\"twitter:data2\" content=\"2\u00a0Minute\" \/>\n<script type=\"application\/ld+json\" class=\"yoast-schema-graph\">{\"@context\":\"https:\\\/\\\/schema.org\",\"@graph\":[{\"@type\":\"Article\",\"@id\":\"https:\\\/\\\/transportjournal.com\\\/de\\\/2026\\\/01\\\/14\\\/kinaxis-ernennt-razat-gaurav-zum-ceo\\\/#article\",\"isPartOf\":{\"@id\":\"https:\\\/\\\/transportjournal.com\\\/de\\\/2026\\\/01\\\/14\\\/kinaxis-ernennt-razat-gaurav-zum-ceo\\\/\"},\"author\":{\"name\":\"Andreas Haug\",\"@id\":\"https:\\\/\\\/transportjournal.com\\\/de\\\/#\\\/schema\\\/person\\\/cf538b3157f15afd7589245a4b3dbd25\"},\"headline\":\"Kinaxis ernennt Razat Gaurav zum CEO\",\"datePublished\":\"2026-01-14T10:21:13+00:00\",\"mainEntityOfPage\":{\"@id\":\"https:\\\/\\\/transportjournal.com\\\/de\\\/2026\\\/01\\\/14\\\/kinaxis-ernennt-razat-gaurav-zum-ceo\\\/\"},\"wordCount\":382,\"commentCount\":0,\"publisher\":{\"@id\":\"https:\\\/\\\/transportjournal.com\\\/de\\\/#organization\"},\"image\":{\"@id\":\"https:\\\/\\\/transportjournal.com\\\/de\\\/2026\\\/01\\\/14\\\/kinaxis-ernennt-razat-gaurav-zum-ceo\\\/#primaryimage\"},\"thumbnailUrl\":\"https:\\\/\\\/transportjournal.com\\\/wp-content\\\/uploads\\\/sites\\\/2\\\/2026\\\/01\\\/Kinaxis-Razat_Gaurav_Headshot-aspect-ratio-1400-788.jpg\",\"keywords\":[\"architectures de donn\u00e9es modernes\",\"artificial intelligence\",\"Betriebsmargen\",\"CEO appointment\",\"CEO Ernennung\",\"cr\u00e9ation de valeur\",\"croissance ax\u00e9e sur l'innovation\",\"croissance durable\",\"Deutsch Kinaxis\",\"digital transformation\",\"digitale Transformation\",\"Fachkr\u00e4ftemangel\",\"gestion de la cha\u00eene d'approvisionnement\",\"gestion des parties prenantes\",\"global organizations\",\"globale Organisationen\",\"industrie du transport\",\"innovation-driven growth\",\"Innovationsgetriebenes Wachstum\",\"intelligence artificielle\",\"K\u00fcnstliche Intelligenz\",\"Lieferkettenl\u00f6sungen\",\"Lieferkettenmanagement English Kinaxis\",\"Lieferkettenorchestrierung\",\"logistics service providers\",\"Logistikdienstleister\",\"Maestro platform\",\"Maestro-Plattform\",\"marges op\u00e9rationnelles\",\"modern data architectures\",\"moderne Datenarchitekturen\",\"nachhaltiges Wachstum\",\"nomination CEO\",\"operating margins\",\"orchestration de cha\u00eene d'approvisionnement\",\"organisations mondiales\",\"p\u00e9nurie de comp\u00e9tences\",\"planification strat\u00e9gique\",\"plateforme Maestro\",\"prestataires de services logistiques\",\"Razat Gaurav\",\"skills shortage\",\"solutions de cha\u00eene d'approvisionnement\",\"Stakeholder-Management\",\"strategic planning\",\"strategische Planung\",\"supply chain management Fran\u00e7ais Kinaxis\",\"supply chain orchestration\",\"supply chain solutions\",\"sustainable growth\",\"transformation num\u00e9rique\",\"transportation industry\",\"Transportwirtschaft\",\"value creation\",\"Wertsch\u00f6pfung\"],\"articleSection\":[\"Asien\\\/Pazifik\",\"Menschen &amp; Unternehmen\",\"Regionen\"],\"inLanguage\":\"de\",\"potentialAction\":[{\"@type\":\"CommentAction\",\"name\":\"Comment\",\"target\":[\"https:\\\/\\\/transportjournal.com\\\/de\\\/2026\\\/01\\\/14\\\/kinaxis-ernennt-razat-gaurav-zum-ceo\\\/#respond\"]}]},{\"@type\":\"WebPage\",\"@id\":\"https:\\\/\\\/transportjournal.com\\\/de\\\/2026\\\/01\\\/14\\\/kinaxis-ernennt-razat-gaurav-zum-ceo\\\/\",\"url\":\"https:\\\/\\\/transportjournal.com\\\/de\\\/2026\\\/01\\\/14\\\/kinaxis-ernennt-razat-gaurav-zum-ceo\\\/\",\"name\":\"Kinaxis ernennt Razat Gaurav zum CEO - ITJ | International Transport Journal\",\"isPartOf\":{\"@id\":\"https:\\\/\\\/transportjournal.com\\\/de\\\/#website\"},\"primaryImageOfPage\":{\"@id\":\"https:\\\/\\\/transportjournal.com\\\/de\\\/2026\\\/01\\\/14\\\/kinaxis-ernennt-razat-gaurav-zum-ceo\\\/#primaryimage\"},\"image\":{\"@id\":\"https:\\\/\\\/transportjournal.com\\\/de\\\/2026\\\/01\\\/14\\\/kinaxis-ernennt-razat-gaurav-zum-ceo\\\/#primaryimage\"},\"thumbnailUrl\":\"https:\\\/\\\/transportjournal.com\\\/wp-content\\\/uploads\\\/sites\\\/2\\\/2026\\\/01\\\/Kinaxis-Razat_Gaurav_Headshot-aspect-ratio-1400-788.jpg\",\"datePublished\":\"2026-01-14T10:21:13+00:00\",\"breadcrumb\":{\"@id\":\"https:\\\/\\\/transportjournal.com\\\/de\\\/2026\\\/01\\\/14\\\/kinaxis-ernennt-razat-gaurav-zum-ceo\\\/#breadcrumb\"},\"inLanguage\":\"de\",\"potentialAction\":[{\"@type\":\"ReadAction\",\"target\":[\"https:\\\/\\\/transportjournal.com\\\/de\\\/2026\\\/01\\\/14\\\/kinaxis-ernennt-razat-gaurav-zum-ceo\\\/\"]}]},{\"@type\":\"ImageObject\",\"inLanguage\":\"de\",\"@id\":\"https:\\\/\\\/transportjournal.com\\\/de\\\/2026\\\/01\\\/14\\\/kinaxis-ernennt-razat-gaurav-zum-ceo\\\/#primaryimage\",\"url\":\"https:\\\/\\\/transportjournal.com\\\/wp-content\\\/uploads\\\/sites\\\/2\\\/2026\\\/01\\\/Kinaxis-Razat_Gaurav_Headshot-aspect-ratio-1400-788.jpg\",\"contentUrl\":\"https:\\\/\\\/transportjournal.com\\\/wp-content\\\/uploads\\\/sites\\\/2\\\/2026\\\/01\\\/Kinaxis-Razat_Gaurav_Headshot-aspect-ratio-1400-788.jpg\",\"width\":384,\"height\":216},{\"@type\":\"BreadcrumbList\",\"@id\":\"https:\\\/\\\/transportjournal.com\\\/de\\\/2026\\\/01\\\/14\\\/kinaxis-ernennt-razat-gaurav-zum-ceo\\\/#breadcrumb\",\"itemListElement\":[{\"@type\":\"ListItem\",\"position\":1,\"name\":\"Startseite\",\"item\":\"https:\\\/\\\/transportjournal.com\\\/de\\\/\"},{\"@type\":\"ListItem\",\"position\":2,\"name\":\"Kinaxis ernennt Razat Gaurav zum CEO\"}]},{\"@type\":\"WebSite\",\"@id\":\"https:\\\/\\\/transportjournal.com\\\/de\\\/#website\",\"url\":\"https:\\\/\\\/transportjournal.com\\\/de\\\/\",\"name\":\"ITJ | International Transport Journal\",\"description\":\"Stay informed with the latest global news from the transport, logistics, and supply chain industries. Transport Journal delivers expert insights, analysis, and updates across shipping, aviation, intermodal, and forwarding.\",\"publisher\":{\"@id\":\"https:\\\/\\\/transportjournal.com\\\/de\\\/#organization\"},\"potentialAction\":[{\"@type\":\"SearchAction\",\"target\":{\"@type\":\"EntryPoint\",\"urlTemplate\":\"https:\\\/\\\/transportjournal.com\\\/de\\\/?s={search_term_string}\"},\"query-input\":{\"@type\":\"PropertyValueSpecification\",\"valueRequired\":true,\"valueName\":\"search_term_string\"}}],\"inLanguage\":\"de\"},{\"@type\":\"Organization\",\"@id\":\"https:\\\/\\\/transportjournal.com\\\/de\\\/#organization\",\"name\":\"Groupe Logismedia AG\",\"alternateName\":\"Logismedia Group AG\",\"url\":\"https:\\\/\\\/transportjournal.com\\\/de\\\/\",\"logo\":{\"@type\":\"ImageObject\",\"inLanguage\":\"de\",\"@id\":\"https:\\\/\\\/transportjournal.com\\\/de\\\/#\\\/schema\\\/logo\\\/image\\\/\",\"url\":\"https:\\\/\\\/transportjournal.com\\\/wp-content\\\/uploads\\\/sites\\\/2\\\/2025\\\/09\\\/Logo_ITJ.png\",\"contentUrl\":\"https:\\\/\\\/transportjournal.com\\\/wp-content\\\/uploads\\\/sites\\\/2\\\/2025\\\/09\\\/Logo_ITJ.png\",\"width\":799,\"height\":326,\"caption\":\"Groupe Logismedia AG\"},\"image\":{\"@id\":\"https:\\\/\\\/transportjournal.com\\\/de\\\/#\\\/schema\\\/logo\\\/image\\\/\"},\"sameAs\":[\"https:\\\/\\\/www.linkedin.com\\\/company\\\/56456496\\\/admin\\\/dashboard\\\/\",\"https:\\\/\\\/www.instagram.com\\\/logismediagroup\\\/\",\"https:\\\/\\\/www.youtube.com\\\/@LogiamediaGroupAG\"]},{\"@type\":\"Person\",\"@id\":\"https:\\\/\\\/transportjournal.com\\\/de\\\/#\\\/schema\\\/person\\\/cf538b3157f15afd7589245a4b3dbd25\",\"name\":\"Andreas Haug\",\"url\":\"https:\\\/\\\/transportjournal.com\\\/de\\\/author\\\/andreas\\\/\"}]}<\/script>\n<!-- \/ Yoast SEO plugin. -->","yoast_head_json":{"title":"Kinaxis ernennt Razat Gaurav zum CEO - ITJ | International Transport Journal","robots":{"index":"index","follow":"follow","max-snippet":"max-snippet:-1","max-image-preview":"max-image-preview:large","max-video-preview":"max-video-preview:-1"},"canonical":"https:\/\/transportjournal.com\/de\/2026\/01\/14\/kinaxis-ernennt-razat-gaurav-zum-ceo\/","og_locale":"de_DE","og_type":"article","og_title":"Kinaxis ernennt Razat Gaurav zum CEO - ITJ | International Transport Journal","og_description":"Kinaxis hat Razat Gaurav als neuen CEO ernannt, der am 12. Januar 2026 seine T\u00e4tigkeit aufgenommen hat, um innovative Lieferkettenl\u00f6sungen voranzutreiben.","og_url":"https:\/\/transportjournal.com\/de\/2026\/01\/14\/kinaxis-ernennt-razat-gaurav-zum-ceo\/","og_site_name":"ITJ | International Transport Journal","article_published_time":"2026-01-14T10:21:13+00:00","og_image":[{"width":384,"height":216,"url":"https:\/\/transportjournal.com\/wp-content\/uploads\/sites\/2\/2026\/01\/Kinaxis-Razat_Gaurav_Headshot-aspect-ratio-1400-788.jpg","type":"image\/jpeg"}],"author":"Andreas Haug","twitter_card":"summary_large_image","twitter_misc":{"Verfasst von":"Andreas Haug","Gesch\u00e4tzte Lesezeit":"2\u00a0Minute"},"schema":{"@context":"https:\/\/schema.org","@graph":[{"@type":"Article","@id":"https:\/\/transportjournal.com\/de\/2026\/01\/14\/kinaxis-ernennt-razat-gaurav-zum-ceo\/#article","isPartOf":{"@id":"https:\/\/transportjournal.com\/de\/2026\/01\/14\/kinaxis-ernennt-razat-gaurav-zum-ceo\/"},"author":{"name":"Andreas Haug","@id":"https:\/\/transportjournal.com\/de\/#\/schema\/person\/cf538b3157f15afd7589245a4b3dbd25"},"headline":"Kinaxis ernennt Razat Gaurav zum CEO","datePublished":"2026-01-14T10:21:13+00:00","mainEntityOfPage":{"@id":"https:\/\/transportjournal.com\/de\/2026\/01\/14\/kinaxis-ernennt-razat-gaurav-zum-ceo\/"},"wordCount":382,"commentCount":0,"publisher":{"@id":"https:\/\/transportjournal.com\/de\/#organization"},"image":{"@id":"https:\/\/transportjournal.com\/de\/2026\/01\/14\/kinaxis-ernennt-razat-gaurav-zum-ceo\/#primaryimage"},"thumbnailUrl":"https:\/\/transportjournal.com\/wp-content\/uploads\/sites\/2\/2026\/01\/Kinaxis-Razat_Gaurav_Headshot-aspect-ratio-1400-788.jpg","keywords":["architectures de donn\u00e9es modernes","artificial intelligence","Betriebsmargen","CEO appointment","CEO Ernennung","cr\u00e9ation de valeur","croissance ax\u00e9e sur l'innovation","croissance durable","Deutsch Kinaxis","digital transformation","digitale Transformation","Fachkr\u00e4ftemangel","gestion de la cha\u00eene d'approvisionnement","gestion des parties prenantes","global organizations","globale Organisationen","industrie du transport","innovation-driven growth","Innovationsgetriebenes Wachstum","intelligence artificielle","K\u00fcnstliche Intelligenz","Lieferkettenl\u00f6sungen","Lieferkettenmanagement English Kinaxis","Lieferkettenorchestrierung","logistics service providers","Logistikdienstleister","Maestro platform","Maestro-Plattform","marges op\u00e9rationnelles","modern data architectures","moderne Datenarchitekturen","nachhaltiges Wachstum","nomination CEO","operating margins","orchestration de cha\u00eene d'approvisionnement","organisations mondiales","p\u00e9nurie de comp\u00e9tences","planification strat\u00e9gique","plateforme Maestro","prestataires de services logistiques","Razat Gaurav","skills shortage","solutions de cha\u00eene d'approvisionnement","Stakeholder-Management","strategic planning","strategische Planung","supply chain management Fran\u00e7ais Kinaxis","supply chain orchestration","supply chain solutions","sustainable growth","transformation num\u00e9rique","transportation industry","Transportwirtschaft","value creation","Wertsch\u00f6pfung"],"articleSection":["Asien\/Pazifik","Menschen &amp; Unternehmen","Regionen"],"inLanguage":"de","potentialAction":[{"@type":"CommentAction","name":"Comment","target":["https:\/\/transportjournal.com\/de\/2026\/01\/14\/kinaxis-ernennt-razat-gaurav-zum-ceo\/#respond"]}]},{"@type":"WebPage","@id":"https:\/\/transportjournal.com\/de\/2026\/01\/14\/kinaxis-ernennt-razat-gaurav-zum-ceo\/","url":"https:\/\/transportjournal.com\/de\/2026\/01\/14\/kinaxis-ernennt-razat-gaurav-zum-ceo\/","name":"Kinaxis ernennt Razat Gaurav zum CEO - ITJ | International Transport Journal","isPartOf":{"@id":"https:\/\/transportjournal.com\/de\/#website"},"primaryImageOfPage":{"@id":"https:\/\/transportjournal.com\/de\/2026\/01\/14\/kinaxis-ernennt-razat-gaurav-zum-ceo\/#primaryimage"},"image":{"@id":"https:\/\/transportjournal.com\/de\/2026\/01\/14\/kinaxis-ernennt-razat-gaurav-zum-ceo\/#primaryimage"},"thumbnailUrl":"https:\/\/transportjournal.com\/wp-content\/uploads\/sites\/2\/2026\/01\/Kinaxis-Razat_Gaurav_Headshot-aspect-ratio-1400-788.jpg","datePublished":"2026-01-14T10:21:13+00:00","breadcrumb":{"@id":"https:\/\/transportjournal.com\/de\/2026\/01\/14\/kinaxis-ernennt-razat-gaurav-zum-ceo\/#breadcrumb"},"inLanguage":"de","potentialAction":[{"@type":"ReadAction","target":["https:\/\/transportjournal.com\/de\/2026\/01\/14\/kinaxis-ernennt-razat-gaurav-zum-ceo\/"]}]},{"@type":"ImageObject","inLanguage":"de","@id":"https:\/\/transportjournal.com\/de\/2026\/01\/14\/kinaxis-ernennt-razat-gaurav-zum-ceo\/#primaryimage","url":"https:\/\/transportjournal.com\/wp-content\/uploads\/sites\/2\/2026\/01\/Kinaxis-Razat_Gaurav_Headshot-aspect-ratio-1400-788.jpg","contentUrl":"https:\/\/transportjournal.com\/wp-content\/uploads\/sites\/2\/2026\/01\/Kinaxis-Razat_Gaurav_Headshot-aspect-ratio-1400-788.jpg","width":384,"height":216},{"@type":"BreadcrumbList","@id":"https:\/\/transportjournal.com\/de\/2026\/01\/14\/kinaxis-ernennt-razat-gaurav-zum-ceo\/#breadcrumb","itemListElement":[{"@type":"ListItem","position":1,"name":"Startseite","item":"https:\/\/transportjournal.com\/de\/"},{"@type":"ListItem","position":2,"name":"Kinaxis ernennt Razat Gaurav zum CEO"}]},{"@type":"WebSite","@id":"https:\/\/transportjournal.com\/de\/#website","url":"https:\/\/transportjournal.com\/de\/","name":"ITJ | International Transport Journal","description":"Stay informed with the latest global news from the transport, logistics, and supply chain industries. Transport Journal delivers expert insights, analysis, and updates across shipping, aviation, intermodal, and forwarding.","publisher":{"@id":"https:\/\/transportjournal.com\/de\/#organization"},"potentialAction":[{"@type":"SearchAction","target":{"@type":"EntryPoint","urlTemplate":"https:\/\/transportjournal.com\/de\/?s={search_term_string}"},"query-input":{"@type":"PropertyValueSpecification","valueRequired":true,"valueName":"search_term_string"}}],"inLanguage":"de"},{"@type":"Organization","@id":"https:\/\/transportjournal.com\/de\/#organization","name":"Groupe Logismedia AG","alternateName":"Logismedia Group AG","url":"https:\/\/transportjournal.com\/de\/","logo":{"@type":"ImageObject","inLanguage":"de","@id":"https:\/\/transportjournal.com\/de\/#\/schema\/logo\/image\/","url":"https:\/\/transportjournal.com\/wp-content\/uploads\/sites\/2\/2025\/09\/Logo_ITJ.png","contentUrl":"https:\/\/transportjournal.com\/wp-content\/uploads\/sites\/2\/2025\/09\/Logo_ITJ.png","width":799,"height":326,"caption":"Groupe Logismedia AG"},"image":{"@id":"https:\/\/transportjournal.com\/de\/#\/schema\/logo\/image\/"},"sameAs":["https:\/\/www.linkedin.com\/company\/56456496\/admin\/dashboard\/","https:\/\/www.instagram.com\/logismediagroup\/","https:\/\/www.youtube.com\/@LogiamediaGroupAG"]},{"@type":"Person","@id":"https:\/\/transportjournal.com\/de\/#\/schema\/person\/cf538b3157f15afd7589245a4b3dbd25","name":"Andreas Haug","url":"https:\/\/transportjournal.com\/de\/author\/andreas\/"}]}},"_links":{"self":[{"href":"https:\/\/transportjournal.com\/de\/wp-json\/wp\/v2\/posts\/73073","targetHints":{"allow":["GET"]}}],"collection":[{"href":"https:\/\/transportjournal.com\/de\/wp-json\/wp\/v2\/posts"}],"about":[{"href":"https:\/\/transportjournal.com\/de\/wp-json\/wp\/v2\/types\/post"}],"author":[{"embeddable":true,"href":"https:\/\/transportjournal.com\/de\/wp-json\/wp\/v2\/users\/12"}],"replies":[{"embeddable":true,"href":"https:\/\/transportjournal.com\/de\/wp-json\/wp\/v2\/comments?post=73073"}],"version-history":[{"count":0,"href":"https:\/\/transportjournal.com\/de\/wp-json\/wp\/v2\/posts\/73073\/revisions"}],"wp:featuredmedia":[{"embeddable":true,"href":"https:\/\/transportjournal.com\/de\/wp-json\/wp\/v2\/media\/73072"}],"wp:attachment":[{"href":"https:\/\/transportjournal.com\/de\/wp-json\/wp\/v2\/media?parent=73073"}],"wp:term":[{"taxonomy":"category","embeddable":true,"href":"https:\/\/transportjournal.com\/de\/wp-json\/wp\/v2\/categories?post=73073"},{"taxonomy":"post_tag","embeddable":true,"href":"https:\/\/transportjournal.com\/de\/wp-json\/wp\/v2\/tags?post=73073"}],"curies":[{"name":"wp","href":"https:\/\/api.w.org\/{rel}","templated":true}]}}