{"id":73050,"date":"2026-01-14T09:07:23","date_gmt":"2026-01-14T09:07:23","guid":{"rendered":"https:\/\/transportjournal.com\/2026\/01\/14\/50-jahre-hgv-fahrer-bei-pd-ports\/"},"modified":"2026-01-14T09:07:23","modified_gmt":"2026-01-14T09:07:23","slug":"50-jahre-hgv-fahrer-bei-pd-ports","status":"publish","type":"post","link":"https:\/\/transportjournal.com\/de\/2026\/01\/14\/50-jahre-hgv-fahrer-bei-pd-ports\/","title":{"rendered":"50 Jahre HGV-Fahrer bei PD Ports"},"content":{"rendered":"<p>Ein PD Ports Mitarbeiter hat einen bedeutenden Meilenstein erreicht: Harry Dent, einer der am l\u00e4ngsten dienenden Angestellten, feiert 50 Jahre als HGV-Fahrer, wie das Unternehmen mitteilt. Zu diesem Anlass wurde Harry mit einem speziell gestalteten Lkw \u00fcberrascht, der seine f\u00fcnf Jahrzehnte hinter dem Steuer und die Tausenden von gefahrenen Kilometern w\u00fcrdigt.<\/p>\n<p>Harry, 73 Jahre alt, gab vor zwei Jahren aus gesundheitlichen Gr\u00fcnden seinen HGV-F\u00fchrerschein auf, bleibt jedoch PD Ports als Rangierer im Betriebshof erhalten. Im Rahmen der Feierlichkeiten zu seinem 50-j\u00e4hrigen Jubil\u00e4um erhielt er die Gelegenheit, den zu seinen Ehren lackierten Lkw auf dem privaten Gel\u00e4nde von Teesport zu fahren. Bei der Feier traf Harry auf den CEO von PD Ports, Frans Calje, sowie auf andere F\u00fchrungskr\u00e4fte und Kollegen. Auch seine Frau Elaine und seine drei S\u00f6hne waren anwesend, um seine langj\u00e4hrige Dienstzeit zu w\u00fcrdigen.<\/p>\n<p>Harry Dent, wohnhaft in Acklam, erwarb mit 23 Jahren seinen HGV-F\u00fchrerschein. Er begann seine Karriere bei R Durham and Sons, einem Transportunternehmen mit Sitz in Billingham, das in den fr\u00fchen 1990er Jahren von PD Ports \u00fcbernommen wurde.<\/p>\n<p><a href=\"https:\/\/www.pdports.co.uk\/\" target=\"_blank\" rel=\"noopener noreferrer\">www.pdports.co.uk<\/a><\/p>\n","protected":false},"excerpt":{"rendered":"<p>Harry Dent feierte sein 50-j\u00e4hriges Jubil\u00e4um als HGV-Fahrer bei PD Ports und wurde mit einem speziellen Lkw geehrt, w\u00e4hrend seine Familie anwesend war.<\/p>\n","protected":false},"author":10,"featured_media":73049,"comment_status":"open","ping_status":"open","sticky":false,"template":"","format":"standard","meta":{"_acf_changed":false,"footnotes":""},"categories":[1575,1568],"tags":[],"class_list":["post-73050","post","type-post","status-publish","format-standard","has-post-thumbnail","hentry","category-europa","category-bahn-binnenschifffahrt-strasse"],"acf":[],"yoast_head":"<!-- This site is optimized with the Yoast SEO plugin v27.3 - https:\/\/yoast.com\/product\/yoast-seo-wordpress\/ -->\n<title>50 Jahre HGV-Fahrer bei PD Ports - ITJ | International Transport Journal<\/title>\n<meta name=\"robots\" content=\"index, follow, max-snippet:-1, max-image-preview:large, max-video-preview:-1\" \/>\n<link rel=\"canonical\" href=\"https:\/\/transportjournal.com\/de\/2026\/01\/14\/50-jahre-hgv-fahrer-bei-pd-ports\/\" \/>\n<meta property=\"og:locale\" content=\"de_DE\" \/>\n<meta property=\"og:type\" content=\"article\" \/>\n<meta property=\"og:title\" content=\"50 Jahre HGV-Fahrer bei PD Ports - ITJ | International Transport Journal\" \/>\n<meta property=\"og:description\" content=\"Harry Dent feierte sein 50-j\u00e4hriges Jubil\u00e4um als HGV-Fahrer bei PD Ports und wurde mit einem speziellen Lkw geehrt, w\u00e4hrend seine Familie anwesend war.\" \/>\n<meta property=\"og:url\" content=\"https:\/\/transportjournal.com\/de\/2026\/01\/14\/50-jahre-hgv-fahrer-bei-pd-ports\/\" \/>\n<meta property=\"og:site_name\" content=\"ITJ | International Transport Journal\" \/>\n<meta property=\"article:published_time\" content=\"2026-01-14T09:07:23+00:00\" \/>\n<meta property=\"og:image\" content=\"https:\/\/transportjournal.com\/wp-content\/uploads\/sites\/2\/2026\/01\/DSC05373-aspect-ratio-1400-788.jpg\" \/>\n\t<meta property=\"og:image:width\" content=\"1080\" \/>\n\t<meta property=\"og:image:height\" content=\"608\" \/>\n\t<meta property=\"og:image:type\" content=\"image\/jpeg\" \/>\n<meta name=\"author\" content=\"Jeremy Soland\" \/>\n<meta name=\"twitter:card\" content=\"summary_large_image\" \/>\n<meta name=\"twitter:label1\" content=\"Verfasst von\" \/>\n\t<meta name=\"twitter:data1\" content=\"Jeremy Soland\" \/>\n\t<meta name=\"twitter:label2\" content=\"Gesch\u00e4tzte Lesezeit\" \/>\n\t<meta name=\"twitter:data2\" content=\"1\u00a0Minute\" \/>\n<script type=\"application\/ld+json\" class=\"yoast-schema-graph\">{\"@context\":\"https:\\\/\\\/schema.org\",\"@graph\":[{\"@type\":\"Article\",\"@id\":\"https:\\\/\\\/transportjournal.com\\\/de\\\/2026\\\/01\\\/14\\\/50-jahre-hgv-fahrer-bei-pd-ports\\\/#article\",\"isPartOf\":{\"@id\":\"https:\\\/\\\/transportjournal.com\\\/de\\\/2026\\\/01\\\/14\\\/50-jahre-hgv-fahrer-bei-pd-ports\\\/\"},\"author\":{\"name\":\"Jeremy Soland\",\"@id\":\"https:\\\/\\\/transportjournal.com\\\/de\\\/#\\\/schema\\\/person\\\/41d36b5474b623392fa613e97e2363fa\"},\"headline\":\"50 Jahre HGV-Fahrer bei PD Ports\",\"datePublished\":\"2026-01-14T09:07:23+00:00\",\"mainEntityOfPage\":{\"@id\":\"https:\\\/\\\/transportjournal.com\\\/de\\\/2026\\\/01\\\/14\\\/50-jahre-hgv-fahrer-bei-pd-ports\\\/\"},\"wordCount\":193,\"commentCount\":0,\"publisher\":{\"@id\":\"https:\\\/\\\/transportjournal.com\\\/de\\\/#organization\"},\"image\":{\"@id\":\"https:\\\/\\\/transportjournal.com\\\/de\\\/2026\\\/01\\\/14\\\/50-jahre-hgv-fahrer-bei-pd-ports\\\/#primaryimage\"},\"thumbnailUrl\":\"https:\\\/\\\/transportjournal.com\\\/wp-content\\\/uploads\\\/sites\\\/2\\\/2026\\\/01\\\/DSC05373-aspect-ratio-1400-788.jpg\",\"articleSection\":[\"Europa\",\"Intermodal \\\/ Stra\u00dfe\"],\"inLanguage\":\"de\",\"potentialAction\":[{\"@type\":\"CommentAction\",\"name\":\"Comment\",\"target\":[\"https:\\\/\\\/transportjournal.com\\\/de\\\/2026\\\/01\\\/14\\\/50-jahre-hgv-fahrer-bei-pd-ports\\\/#respond\"]}]},{\"@type\":\"WebPage\",\"@id\":\"https:\\\/\\\/transportjournal.com\\\/de\\\/2026\\\/01\\\/14\\\/50-jahre-hgv-fahrer-bei-pd-ports\\\/\",\"url\":\"https:\\\/\\\/transportjournal.com\\\/de\\\/2026\\\/01\\\/14\\\/50-jahre-hgv-fahrer-bei-pd-ports\\\/\",\"name\":\"50 Jahre HGV-Fahrer bei PD Ports - ITJ | International Transport Journal\",\"isPartOf\":{\"@id\":\"https:\\\/\\\/transportjournal.com\\\/de\\\/#website\"},\"primaryImageOfPage\":{\"@id\":\"https:\\\/\\\/transportjournal.com\\\/de\\\/2026\\\/01\\\/14\\\/50-jahre-hgv-fahrer-bei-pd-ports\\\/#primaryimage\"},\"image\":{\"@id\":\"https:\\\/\\\/transportjournal.com\\\/de\\\/2026\\\/01\\\/14\\\/50-jahre-hgv-fahrer-bei-pd-ports\\\/#primaryimage\"},\"thumbnailUrl\":\"https:\\\/\\\/transportjournal.com\\\/wp-content\\\/uploads\\\/sites\\\/2\\\/2026\\\/01\\\/DSC05373-aspect-ratio-1400-788.jpg\",\"datePublished\":\"2026-01-14T09:07:23+00:00\",\"breadcrumb\":{\"@id\":\"https:\\\/\\\/transportjournal.com\\\/de\\\/2026\\\/01\\\/14\\\/50-jahre-hgv-fahrer-bei-pd-ports\\\/#breadcrumb\"},\"inLanguage\":\"de\",\"potentialAction\":[{\"@type\":\"ReadAction\",\"target\":[\"https:\\\/\\\/transportjournal.com\\\/de\\\/2026\\\/01\\\/14\\\/50-jahre-hgv-fahrer-bei-pd-ports\\\/\"]}]},{\"@type\":\"ImageObject\",\"inLanguage\":\"de\",\"@id\":\"https:\\\/\\\/transportjournal.com\\\/de\\\/2026\\\/01\\\/14\\\/50-jahre-hgv-fahrer-bei-pd-ports\\\/#primaryimage\",\"url\":\"https:\\\/\\\/transportjournal.com\\\/wp-content\\\/uploads\\\/sites\\\/2\\\/2026\\\/01\\\/DSC05373-aspect-ratio-1400-788.jpg\",\"contentUrl\":\"https:\\\/\\\/transportjournal.com\\\/wp-content\\\/uploads\\\/sites\\\/2\\\/2026\\\/01\\\/DSC05373-aspect-ratio-1400-788.jpg\",\"width\":1080,\"height\":608},{\"@type\":\"BreadcrumbList\",\"@id\":\"https:\\\/\\\/transportjournal.com\\\/de\\\/2026\\\/01\\\/14\\\/50-jahre-hgv-fahrer-bei-pd-ports\\\/#breadcrumb\",\"itemListElement\":[{\"@type\":\"ListItem\",\"position\":1,\"name\":\"Startseite\",\"item\":\"https:\\\/\\\/transportjournal.com\\\/de\\\/\"},{\"@type\":\"ListItem\",\"position\":2,\"name\":\"50 Jahre HGV-Fahrer bei PD Ports\"}]},{\"@type\":\"WebSite\",\"@id\":\"https:\\\/\\\/transportjournal.com\\\/de\\\/#website\",\"url\":\"https:\\\/\\\/transportjournal.com\\\/de\\\/\",\"name\":\"ITJ | International Transport Journal\",\"description\":\"Stay informed with the latest global news from the transport, logistics, and supply chain industries. Transport Journal delivers expert insights, analysis, and updates across shipping, aviation, intermodal, and forwarding.\",\"publisher\":{\"@id\":\"https:\\\/\\\/transportjournal.com\\\/de\\\/#organization\"},\"potentialAction\":[{\"@type\":\"SearchAction\",\"target\":{\"@type\":\"EntryPoint\",\"urlTemplate\":\"https:\\\/\\\/transportjournal.com\\\/de\\\/?s={search_term_string}\"},\"query-input\":{\"@type\":\"PropertyValueSpecification\",\"valueRequired\":true,\"valueName\":\"search_term_string\"}}],\"inLanguage\":\"de\"},{\"@type\":\"Organization\",\"@id\":\"https:\\\/\\\/transportjournal.com\\\/de\\\/#organization\",\"name\":\"Groupe Logismedia AG\",\"alternateName\":\"Logismedia Group AG\",\"url\":\"https:\\\/\\\/transportjournal.com\\\/de\\\/\",\"logo\":{\"@type\":\"ImageObject\",\"inLanguage\":\"de\",\"@id\":\"https:\\\/\\\/transportjournal.com\\\/de\\\/#\\\/schema\\\/logo\\\/image\\\/\",\"url\":\"https:\\\/\\\/transportjournal.com\\\/wp-content\\\/uploads\\\/sites\\\/2\\\/2025\\\/09\\\/Logo_ITJ.png\",\"contentUrl\":\"https:\\\/\\\/transportjournal.com\\\/wp-content\\\/uploads\\\/sites\\\/2\\\/2025\\\/09\\\/Logo_ITJ.png\",\"width\":799,\"height\":326,\"caption\":\"Groupe Logismedia AG\"},\"image\":{\"@id\":\"https:\\\/\\\/transportjournal.com\\\/de\\\/#\\\/schema\\\/logo\\\/image\\\/\"},\"sameAs\":[\"https:\\\/\\\/www.linkedin.com\\\/company\\\/56456496\\\/admin\\\/dashboard\\\/\",\"https:\\\/\\\/www.instagram.com\\\/logismediagroup\\\/\",\"https:\\\/\\\/www.youtube.com\\\/@LogiamediaGroupAG\"]},{\"@type\":\"Person\",\"@id\":\"https:\\\/\\\/transportjournal.com\\\/de\\\/#\\\/schema\\\/person\\\/41d36b5474b623392fa613e97e2363fa\",\"name\":\"Jeremy Soland\",\"url\":\"https:\\\/\\\/transportjournal.com\\\/de\\\/author\\\/jeremy\\\/\"}]}<\/script>\n<!-- \/ Yoast SEO plugin. -->","yoast_head_json":{"title":"50 Jahre HGV-Fahrer bei PD Ports - ITJ | International Transport Journal","robots":{"index":"index","follow":"follow","max-snippet":"max-snippet:-1","max-image-preview":"max-image-preview:large","max-video-preview":"max-video-preview:-1"},"canonical":"https:\/\/transportjournal.com\/de\/2026\/01\/14\/50-jahre-hgv-fahrer-bei-pd-ports\/","og_locale":"de_DE","og_type":"article","og_title":"50 Jahre HGV-Fahrer bei PD Ports - ITJ | International Transport Journal","og_description":"Harry Dent feierte sein 50-j\u00e4hriges Jubil\u00e4um als HGV-Fahrer bei PD Ports und wurde mit einem speziellen Lkw geehrt, w\u00e4hrend seine Familie anwesend war.","og_url":"https:\/\/transportjournal.com\/de\/2026\/01\/14\/50-jahre-hgv-fahrer-bei-pd-ports\/","og_site_name":"ITJ | International Transport Journal","article_published_time":"2026-01-14T09:07:23+00:00","og_image":[{"width":1080,"height":608,"url":"https:\/\/transportjournal.com\/wp-content\/uploads\/sites\/2\/2026\/01\/DSC05373-aspect-ratio-1400-788.jpg","type":"image\/jpeg"}],"author":"Jeremy Soland","twitter_card":"summary_large_image","twitter_misc":{"Verfasst von":"Jeremy Soland","Gesch\u00e4tzte Lesezeit":"1\u00a0Minute"},"schema":{"@context":"https:\/\/schema.org","@graph":[{"@type":"Article","@id":"https:\/\/transportjournal.com\/de\/2026\/01\/14\/50-jahre-hgv-fahrer-bei-pd-ports\/#article","isPartOf":{"@id":"https:\/\/transportjournal.com\/de\/2026\/01\/14\/50-jahre-hgv-fahrer-bei-pd-ports\/"},"author":{"name":"Jeremy Soland","@id":"https:\/\/transportjournal.com\/de\/#\/schema\/person\/41d36b5474b623392fa613e97e2363fa"},"headline":"50 Jahre HGV-Fahrer bei PD Ports","datePublished":"2026-01-14T09:07:23+00:00","mainEntityOfPage":{"@id":"https:\/\/transportjournal.com\/de\/2026\/01\/14\/50-jahre-hgv-fahrer-bei-pd-ports\/"},"wordCount":193,"commentCount":0,"publisher":{"@id":"https:\/\/transportjournal.com\/de\/#organization"},"image":{"@id":"https:\/\/transportjournal.com\/de\/2026\/01\/14\/50-jahre-hgv-fahrer-bei-pd-ports\/#primaryimage"},"thumbnailUrl":"https:\/\/transportjournal.com\/wp-content\/uploads\/sites\/2\/2026\/01\/DSC05373-aspect-ratio-1400-788.jpg","articleSection":["Europa","Intermodal \/ Stra\u00dfe"],"inLanguage":"de","potentialAction":[{"@type":"CommentAction","name":"Comment","target":["https:\/\/transportjournal.com\/de\/2026\/01\/14\/50-jahre-hgv-fahrer-bei-pd-ports\/#respond"]}]},{"@type":"WebPage","@id":"https:\/\/transportjournal.com\/de\/2026\/01\/14\/50-jahre-hgv-fahrer-bei-pd-ports\/","url":"https:\/\/transportjournal.com\/de\/2026\/01\/14\/50-jahre-hgv-fahrer-bei-pd-ports\/","name":"50 Jahre HGV-Fahrer bei PD Ports - ITJ | International Transport Journal","isPartOf":{"@id":"https:\/\/transportjournal.com\/de\/#website"},"primaryImageOfPage":{"@id":"https:\/\/transportjournal.com\/de\/2026\/01\/14\/50-jahre-hgv-fahrer-bei-pd-ports\/#primaryimage"},"image":{"@id":"https:\/\/transportjournal.com\/de\/2026\/01\/14\/50-jahre-hgv-fahrer-bei-pd-ports\/#primaryimage"},"thumbnailUrl":"https:\/\/transportjournal.com\/wp-content\/uploads\/sites\/2\/2026\/01\/DSC05373-aspect-ratio-1400-788.jpg","datePublished":"2026-01-14T09:07:23+00:00","breadcrumb":{"@id":"https:\/\/transportjournal.com\/de\/2026\/01\/14\/50-jahre-hgv-fahrer-bei-pd-ports\/#breadcrumb"},"inLanguage":"de","potentialAction":[{"@type":"ReadAction","target":["https:\/\/transportjournal.com\/de\/2026\/01\/14\/50-jahre-hgv-fahrer-bei-pd-ports\/"]}]},{"@type":"ImageObject","inLanguage":"de","@id":"https:\/\/transportjournal.com\/de\/2026\/01\/14\/50-jahre-hgv-fahrer-bei-pd-ports\/#primaryimage","url":"https:\/\/transportjournal.com\/wp-content\/uploads\/sites\/2\/2026\/01\/DSC05373-aspect-ratio-1400-788.jpg","contentUrl":"https:\/\/transportjournal.com\/wp-content\/uploads\/sites\/2\/2026\/01\/DSC05373-aspect-ratio-1400-788.jpg","width":1080,"height":608},{"@type":"BreadcrumbList","@id":"https:\/\/transportjournal.com\/de\/2026\/01\/14\/50-jahre-hgv-fahrer-bei-pd-ports\/#breadcrumb","itemListElement":[{"@type":"ListItem","position":1,"name":"Startseite","item":"https:\/\/transportjournal.com\/de\/"},{"@type":"ListItem","position":2,"name":"50 Jahre HGV-Fahrer bei PD Ports"}]},{"@type":"WebSite","@id":"https:\/\/transportjournal.com\/de\/#website","url":"https:\/\/transportjournal.com\/de\/","name":"ITJ | International Transport Journal","description":"Stay informed with the latest global news from the transport, logistics, and supply chain industries. Transport Journal delivers expert insights, analysis, and updates across shipping, aviation, intermodal, and forwarding.","publisher":{"@id":"https:\/\/transportjournal.com\/de\/#organization"},"potentialAction":[{"@type":"SearchAction","target":{"@type":"EntryPoint","urlTemplate":"https:\/\/transportjournal.com\/de\/?s={search_term_string}"},"query-input":{"@type":"PropertyValueSpecification","valueRequired":true,"valueName":"search_term_string"}}],"inLanguage":"de"},{"@type":"Organization","@id":"https:\/\/transportjournal.com\/de\/#organization","name":"Groupe Logismedia AG","alternateName":"Logismedia Group AG","url":"https:\/\/transportjournal.com\/de\/","logo":{"@type":"ImageObject","inLanguage":"de","@id":"https:\/\/transportjournal.com\/de\/#\/schema\/logo\/image\/","url":"https:\/\/transportjournal.com\/wp-content\/uploads\/sites\/2\/2025\/09\/Logo_ITJ.png","contentUrl":"https:\/\/transportjournal.com\/wp-content\/uploads\/sites\/2\/2025\/09\/Logo_ITJ.png","width":799,"height":326,"caption":"Groupe Logismedia AG"},"image":{"@id":"https:\/\/transportjournal.com\/de\/#\/schema\/logo\/image\/"},"sameAs":["https:\/\/www.linkedin.com\/company\/56456496\/admin\/dashboard\/","https:\/\/www.instagram.com\/logismediagroup\/","https:\/\/www.youtube.com\/@LogiamediaGroupAG"]},{"@type":"Person","@id":"https:\/\/transportjournal.com\/de\/#\/schema\/person\/41d36b5474b623392fa613e97e2363fa","name":"Jeremy Soland","url":"https:\/\/transportjournal.com\/de\/author\/jeremy\/"}]}},"_links":{"self":[{"href":"https:\/\/transportjournal.com\/de\/wp-json\/wp\/v2\/posts\/73050","targetHints":{"allow":["GET"]}}],"collection":[{"href":"https:\/\/transportjournal.com\/de\/wp-json\/wp\/v2\/posts"}],"about":[{"href":"https:\/\/transportjournal.com\/de\/wp-json\/wp\/v2\/types\/post"}],"author":[{"embeddable":true,"href":"https:\/\/transportjournal.com\/de\/wp-json\/wp\/v2\/users\/10"}],"replies":[{"embeddable":true,"href":"https:\/\/transportjournal.com\/de\/wp-json\/wp\/v2\/comments?post=73050"}],"version-history":[{"count":0,"href":"https:\/\/transportjournal.com\/de\/wp-json\/wp\/v2\/posts\/73050\/revisions"}],"wp:featuredmedia":[{"embeddable":true,"href":"https:\/\/transportjournal.com\/de\/wp-json\/wp\/v2\/media\/73049"}],"wp:attachment":[{"href":"https:\/\/transportjournal.com\/de\/wp-json\/wp\/v2\/media?parent=73050"}],"wp:term":[{"taxonomy":"category","embeddable":true,"href":"https:\/\/transportjournal.com\/de\/wp-json\/wp\/v2\/categories?post=73050"},{"taxonomy":"post_tag","embeddable":true,"href":"https:\/\/transportjournal.com\/de\/wp-json\/wp\/v2\/tags?post=73050"}],"curies":[{"name":"wp","href":"https:\/\/api.w.org\/{rel}","templated":true}]}}