{"id":73026,"date":"2026-01-14T08:44:07","date_gmt":"2026-01-14T08:44:07","guid":{"rendered":"https:\/\/transportjournal.com\/2026\/01\/14\/contargo-uebernimmt-50-prozent-an-ccgl\/"},"modified":"2026-01-14T08:44:07","modified_gmt":"2026-01-14T08:44:07","slug":"contargo-uebernimmt-50-prozent-an-ccgl","status":"publish","type":"post","link":"https:\/\/transportjournal.com\/de\/2026\/01\/14\/contargo-uebernimmt-50-prozent-an-ccgl\/","title":{"rendered":"Contargo \u00fcbernimmt 50 Prozent an CCGL"},"content":{"rendered":"<p>Contargo hat zum 1. Januar 2026 50 Prozent der Anteile an der Cargo-Center-Graz Logistik (CCGL) \u00fcbernommen. Diese Partnerschaft zielt darauf ab, die logistischen M\u00f6glichkeiten beider Unternehmen zu erweitern. W\u00e4hrend Contargo sein Netzwerk zu den Adriah\u00e4fen ausbauen will, wird CCGL k\u00fcnftig \u00fcber die Schiene an das Contargo-Netzwerk angebunden, wie Contargo mitteilt.<\/p>\n<p>Die CCGL am Cargo Terminal Graz als Logistikplattform ist verantwortlich f\u00fcr die Organisation von Ganzz\u00fcgen aus Graz zu den S\u00fcdh\u00e4fen sowie f\u00fcr Lkw-Vor- und Nachl\u00e4ufe ab Graz. Zudem \u00fcbernimmt sie die vollst\u00e4ndige operative Disposition der Transporte.<\/p>\n<h3>Aktuelle Rundl\u00e4ufe und zuk\u00fcnftige Pl\u00e4ne<\/h3>\n<p>Derzeit f\u00fchrt die CCGL mehrere w\u00f6chentliche Rundl\u00e4ufe durch. Dazu geh\u00f6ren ein w\u00f6chentlicher Rundlauf von Koper \u00fcber Bilk nach Enns und vier w\u00f6chentliche Rundl\u00e4ufe zwischen Koper und Graz, wobei eine Erh\u00f6hung auf sechs Rundl\u00e4ufe ab 2026 geplant ist. Zudem werden zwei w\u00f6chentliche Rundl\u00e4ufe zwischen Graz und Enns angeboten.<\/p>\n<p>Andreas Mager, Head of Contargo Intermodal Solutions, \u00e4usserte sich zu der Partnerschaft: \u201e<span data-olk-copy-source=\"MessageBody\">Vom Austausch und der B\u00fcndelung unserer Kompetenzen werden Contargo und CCGL gleichermassen profitieren. Die entstehenden Synergien erm\u00f6glichen eine schnellere und effizientere Umsetzung von Projekten<\/span>.\u201c Ein zentraler Fokus der Zusammenarbeit liege auf der Anbindung der deutschen Industrie an die M\u00e4rkte in \u00d6sterreich, den Adriah\u00e4fen und S\u00fcdosteuropa. Neben Containern sollen k\u00fcnftig auch Trailer auf diesen Routen transportiert werden, so das Unternehmen.<\/p>\n<p><a href=\"https:\/\/www.contargo.net\/en\/\" target=\"_blank\" rel=\"noopener noreferrer\">www.contargo.net<\/a><\/p>\n","protected":false},"excerpt":{"rendered":"<p>Contargo hat am 1. Januar 2026 50 Prozent der Anteile an CCGL \u00fcbernommen, um die logistischen M\u00f6glichkeiten beider Unternehmen zu erweitern und Synergien zu schaffen.<\/p>\n","protected":false},"author":10,"featured_media":73025,"comment_status":"open","ping_status":"open","sticky":false,"template":"","format":"standard","meta":{"_acf_changed":false,"footnotes":""},"categories":[1575,1569],"tags":[5240,5241,5242,5243,5244,5245,5246,5247,5248,3739,2115,2116,5249,5250,2700,4091,2123,5251,3745,2075,5252,5253,5254,5255,5256,2133,5257,1831,2622,5258,1800,3157,5259,2720,5260,5261,5262,2829,5263,5264,5265,1916,2731,5266,5267,5268,2106,2641,4105,2837,5269,5270,1837,5271],"class_list":["post-73026","post","type-post","status-publish","format-standard","has-post-thumbnail","hentry","category-europa","category-logistik-spedition","tag-adriahaefen","tag-adriatic-ports","tag-cargo-transport-francais-contargo","tag-cargo-center-graz","tag-ccgl","tag-circuits-graz","tag-cooperation-logistique","tag-corridors-de-transport-europeens","tag-deutsch-contargo","tag-developpement-des-infrastructures","tag-digitalisierung-in-der-logistik","tag-digitalization-in-logistics","tag-europaeische-transportkorridore","tag-european-transport-corridors","tag-fachkraeftemangel-in-der-logistik","tag-freight-transport","tag-gestion-de-la-chaine-dapprovisionnement","tag-graz","tag-infrastructure-development","tag-infrastrukturentwicklung","tag-intermodal-solutions","tag-intermodale-loesungen","tag-kooperation-in-der-logistik-english-contargo","tag-lkw-vorlaeufe","tag-logistics-cooperation","tag-logistics-service-providers","tag-logistik-auf-schiene","tag-logistikdienstleister","tag-logistique-durable","tag-logistique-ferroviaire","tag-nachhaltige-logistik","tag-numerisation-dans-la-logistique","tag-optimisation-du-transport","tag-penurie-de-main-doeuvre-dans-la-logistique","tag-ports-adriatiques","tag-ports-du-sud","tag-preacheminement-par-camion","tag-prestataires-logistiques","tag-rail-logistics","tag-round-trips-graz","tag-rundlaeufe-graz","tag-schienengueterverkehr","tag-skills-shortage-in-logistics","tag-solutions-intermodales","tag-southern-ports","tag-suedhaefen","tag-supply-chain-management","tag-sustainable-logistics","tag-transport-de-fret","tag-transport-de-marchandises","tag-transport-optimization","tag-transportoptimierung","tag-transportwirtschaft","tag-truck-pre-hauls"],"acf":[],"yoast_head":"<!-- This site is optimized with the Yoast SEO plugin v27.3 - https:\/\/yoast.com\/product\/yoast-seo-wordpress\/ -->\n<title>Contargo \u00fcbernimmt 50 Prozent an CCGL - ITJ | International Transport Journal<\/title>\n<meta name=\"robots\" content=\"index, follow, max-snippet:-1, max-image-preview:large, max-video-preview:-1\" \/>\n<link rel=\"canonical\" href=\"https:\/\/transportjournal.com\/de\/2026\/01\/14\/contargo-uebernimmt-50-prozent-an-ccgl\/\" \/>\n<meta property=\"og:locale\" content=\"de_DE\" \/>\n<meta property=\"og:type\" content=\"article\" \/>\n<meta property=\"og:title\" content=\"Contargo \u00fcbernimmt 50 Prozent an CCGL - ITJ | International Transport Journal\" \/>\n<meta property=\"og:description\" content=\"Contargo hat am 1. Januar 2026 50 Prozent der Anteile an CCGL \u00fcbernommen, um die logistischen M\u00f6glichkeiten beider Unternehmen zu erweitern und Synergien zu schaffen.\" \/>\n<meta property=\"og:url\" content=\"https:\/\/transportjournal.com\/de\/2026\/01\/14\/contargo-uebernimmt-50-prozent-an-ccgl\/\" \/>\n<meta property=\"og:site_name\" content=\"ITJ | International Transport Journal\" \/>\n<meta property=\"article:published_time\" content=\"2026-01-14T08:44:07+00:00\" \/>\n<meta property=\"og:image\" content=\"https:\/\/transportjournal.com\/wp-content\/uploads\/sites\/2\/2026\/01\/2026_01_13_PM_Contargo_CCGL-scaled-aspect-ratio-1400-788.jpeg\" \/>\n\t<meta property=\"og:image:width\" content=\"1984\" \/>\n\t<meta property=\"og:image:height\" content=\"1117\" \/>\n\t<meta property=\"og:image:type\" content=\"image\/jpeg\" \/>\n<meta name=\"author\" content=\"Jeremy Soland\" \/>\n<meta name=\"twitter:card\" content=\"summary_large_image\" \/>\n<meta name=\"twitter:label1\" content=\"Verfasst von\" \/>\n\t<meta name=\"twitter:data1\" content=\"Jeremy Soland\" \/>\n\t<meta name=\"twitter:label2\" content=\"Gesch\u00e4tzte Lesezeit\" \/>\n\t<meta name=\"twitter:data2\" content=\"1\u00a0Minute\" \/>\n<script type=\"application\/ld+json\" class=\"yoast-schema-graph\">{\"@context\":\"https:\\\/\\\/schema.org\",\"@graph\":[{\"@type\":\"Article\",\"@id\":\"https:\\\/\\\/transportjournal.com\\\/de\\\/2026\\\/01\\\/14\\\/contargo-uebernimmt-50-prozent-an-ccgl\\\/#article\",\"isPartOf\":{\"@id\":\"https:\\\/\\\/transportjournal.com\\\/de\\\/2026\\\/01\\\/14\\\/contargo-uebernimmt-50-prozent-an-ccgl\\\/\"},\"author\":{\"name\":\"Jeremy Soland\",\"@id\":\"https:\\\/\\\/transportjournal.com\\\/de\\\/#\\\/schema\\\/person\\\/41d36b5474b623392fa613e97e2363fa\"},\"headline\":\"Contargo \u00fcbernimmt 50 Prozent an CCGL\",\"datePublished\":\"2026-01-14T08:44:07+00:00\",\"mainEntityOfPage\":{\"@id\":\"https:\\\/\\\/transportjournal.com\\\/de\\\/2026\\\/01\\\/14\\\/contargo-uebernimmt-50-prozent-an-ccgl\\\/\"},\"wordCount\":244,\"commentCount\":0,\"publisher\":{\"@id\":\"https:\\\/\\\/transportjournal.com\\\/de\\\/#organization\"},\"image\":{\"@id\":\"https:\\\/\\\/transportjournal.com\\\/de\\\/2026\\\/01\\\/14\\\/contargo-uebernimmt-50-prozent-an-ccgl\\\/#primaryimage\"},\"thumbnailUrl\":\"https:\\\/\\\/transportjournal.com\\\/wp-content\\\/uploads\\\/sites\\\/2\\\/2026\\\/01\\\/2026_01_13_PM_Contargo_CCGL-scaled-aspect-ratio-1400-788.jpeg\",\"keywords\":[\"Adriah\u00e4fen\",\"Adriatic ports\",\"cargo transport Fran\u00e7ais Contargo\",\"Cargo-Center-Graz\",\"CCGL\",\"circuits Graz\",\"coop\u00e9ration logistique\",\"corridors de transport europ\u00e9ens\",\"Deutsch Contargo\",\"d\u00e9veloppement des infrastructures\",\"Digitalisierung in der Logistik\",\"digitalization in logistics\",\"europ\u00e4ische Transportkorridore\",\"European transport corridors\",\"Fachkr\u00e4ftemangel in der Logistik\",\"freight transport\",\"gestion de la cha\u00eene d'approvisionnement\",\"Graz\",\"infrastructure development\",\"Infrastrukturentwicklung\",\"intermodal solutions\",\"intermodale L\u00f6sungen\",\"Kooperation in der Logistik English Contargo\",\"Lkw-Vorl\u00e4ufe\",\"logistics cooperation\",\"logistics service providers\",\"Logistik auf Schiene\",\"Logistikdienstleister\",\"logistique durable\",\"logistique ferroviaire\",\"nachhaltige Logistik\",\"num\u00e9risation dans la logistique\",\"optimisation du transport\",\"p\u00e9nurie de main-d'\u0153uvre dans la logistique\",\"ports adriatiques\",\"ports du sud\",\"pr\u00e9acheminement par camion\",\"prestataires logistiques\",\"rail logistics\",\"round trips Graz\",\"Rundl\u00e4ufe Graz\",\"Schieneng\u00fcterverkehr\",\"skills shortage in logistics\",\"solutions intermodales\",\"southern ports\",\"S\u00fcdh\u00e4fen\",\"Supply Chain Management\",\"sustainable logistics\",\"transport de fret\",\"transport de marchandises\",\"transport optimization\",\"Transportoptimierung\",\"Transportwirtschaft\",\"truck pre-hauls\"],\"articleSection\":[\"Europa\",\"Spedition &amp; Logistik\"],\"inLanguage\":\"de\",\"potentialAction\":[{\"@type\":\"CommentAction\",\"name\":\"Comment\",\"target\":[\"https:\\\/\\\/transportjournal.com\\\/de\\\/2026\\\/01\\\/14\\\/contargo-uebernimmt-50-prozent-an-ccgl\\\/#respond\"]}]},{\"@type\":\"WebPage\",\"@id\":\"https:\\\/\\\/transportjournal.com\\\/de\\\/2026\\\/01\\\/14\\\/contargo-uebernimmt-50-prozent-an-ccgl\\\/\",\"url\":\"https:\\\/\\\/transportjournal.com\\\/de\\\/2026\\\/01\\\/14\\\/contargo-uebernimmt-50-prozent-an-ccgl\\\/\",\"name\":\"Contargo \u00fcbernimmt 50 Prozent an CCGL - ITJ | International Transport Journal\",\"isPartOf\":{\"@id\":\"https:\\\/\\\/transportjournal.com\\\/de\\\/#website\"},\"primaryImageOfPage\":{\"@id\":\"https:\\\/\\\/transportjournal.com\\\/de\\\/2026\\\/01\\\/14\\\/contargo-uebernimmt-50-prozent-an-ccgl\\\/#primaryimage\"},\"image\":{\"@id\":\"https:\\\/\\\/transportjournal.com\\\/de\\\/2026\\\/01\\\/14\\\/contargo-uebernimmt-50-prozent-an-ccgl\\\/#primaryimage\"},\"thumbnailUrl\":\"https:\\\/\\\/transportjournal.com\\\/wp-content\\\/uploads\\\/sites\\\/2\\\/2026\\\/01\\\/2026_01_13_PM_Contargo_CCGL-scaled-aspect-ratio-1400-788.jpeg\",\"datePublished\":\"2026-01-14T08:44:07+00:00\",\"breadcrumb\":{\"@id\":\"https:\\\/\\\/transportjournal.com\\\/de\\\/2026\\\/01\\\/14\\\/contargo-uebernimmt-50-prozent-an-ccgl\\\/#breadcrumb\"},\"inLanguage\":\"de\",\"potentialAction\":[{\"@type\":\"ReadAction\",\"target\":[\"https:\\\/\\\/transportjournal.com\\\/de\\\/2026\\\/01\\\/14\\\/contargo-uebernimmt-50-prozent-an-ccgl\\\/\"]}]},{\"@type\":\"ImageObject\",\"inLanguage\":\"de\",\"@id\":\"https:\\\/\\\/transportjournal.com\\\/de\\\/2026\\\/01\\\/14\\\/contargo-uebernimmt-50-prozent-an-ccgl\\\/#primaryimage\",\"url\":\"https:\\\/\\\/transportjournal.com\\\/wp-content\\\/uploads\\\/sites\\\/2\\\/2026\\\/01\\\/2026_01_13_PM_Contargo_CCGL-scaled-aspect-ratio-1400-788.jpeg\",\"contentUrl\":\"https:\\\/\\\/transportjournal.com\\\/wp-content\\\/uploads\\\/sites\\\/2\\\/2026\\\/01\\\/2026_01_13_PM_Contargo_CCGL-scaled-aspect-ratio-1400-788.jpeg\",\"width\":1984,\"height\":1117},{\"@type\":\"BreadcrumbList\",\"@id\":\"https:\\\/\\\/transportjournal.com\\\/de\\\/2026\\\/01\\\/14\\\/contargo-uebernimmt-50-prozent-an-ccgl\\\/#breadcrumb\",\"itemListElement\":[{\"@type\":\"ListItem\",\"position\":1,\"name\":\"Startseite\",\"item\":\"https:\\\/\\\/transportjournal.com\\\/de\\\/\"},{\"@type\":\"ListItem\",\"position\":2,\"name\":\"Contargo \u00fcbernimmt 50 Prozent an CCGL\"}]},{\"@type\":\"WebSite\",\"@id\":\"https:\\\/\\\/transportjournal.com\\\/de\\\/#website\",\"url\":\"https:\\\/\\\/transportjournal.com\\\/de\\\/\",\"name\":\"ITJ | International Transport Journal\",\"description\":\"Stay informed with the latest global news from the transport, logistics, and supply chain industries. Transport Journal delivers expert insights, analysis, and updates across shipping, aviation, intermodal, and forwarding.\",\"publisher\":{\"@id\":\"https:\\\/\\\/transportjournal.com\\\/de\\\/#organization\"},\"potentialAction\":[{\"@type\":\"SearchAction\",\"target\":{\"@type\":\"EntryPoint\",\"urlTemplate\":\"https:\\\/\\\/transportjournal.com\\\/de\\\/?s={search_term_string}\"},\"query-input\":{\"@type\":\"PropertyValueSpecification\",\"valueRequired\":true,\"valueName\":\"search_term_string\"}}],\"inLanguage\":\"de\"},{\"@type\":\"Organization\",\"@id\":\"https:\\\/\\\/transportjournal.com\\\/de\\\/#organization\",\"name\":\"Groupe Logismedia AG\",\"alternateName\":\"Logismedia Group AG\",\"url\":\"https:\\\/\\\/transportjournal.com\\\/de\\\/\",\"logo\":{\"@type\":\"ImageObject\",\"inLanguage\":\"de\",\"@id\":\"https:\\\/\\\/transportjournal.com\\\/de\\\/#\\\/schema\\\/logo\\\/image\\\/\",\"url\":\"https:\\\/\\\/transportjournal.com\\\/wp-content\\\/uploads\\\/sites\\\/2\\\/2025\\\/09\\\/Logo_ITJ.png\",\"contentUrl\":\"https:\\\/\\\/transportjournal.com\\\/wp-content\\\/uploads\\\/sites\\\/2\\\/2025\\\/09\\\/Logo_ITJ.png\",\"width\":799,\"height\":326,\"caption\":\"Groupe Logismedia AG\"},\"image\":{\"@id\":\"https:\\\/\\\/transportjournal.com\\\/de\\\/#\\\/schema\\\/logo\\\/image\\\/\"},\"sameAs\":[\"https:\\\/\\\/www.linkedin.com\\\/company\\\/56456496\\\/admin\\\/dashboard\\\/\",\"https:\\\/\\\/www.instagram.com\\\/logismediagroup\\\/\",\"https:\\\/\\\/www.youtube.com\\\/@LogiamediaGroupAG\"]},{\"@type\":\"Person\",\"@id\":\"https:\\\/\\\/transportjournal.com\\\/de\\\/#\\\/schema\\\/person\\\/41d36b5474b623392fa613e97e2363fa\",\"name\":\"Jeremy Soland\",\"url\":\"https:\\\/\\\/transportjournal.com\\\/de\\\/author\\\/jeremy\\\/\"}]}<\/script>\n<!-- \/ Yoast SEO plugin. -->","yoast_head_json":{"title":"Contargo \u00fcbernimmt 50 Prozent an CCGL - ITJ | International Transport Journal","robots":{"index":"index","follow":"follow","max-snippet":"max-snippet:-1","max-image-preview":"max-image-preview:large","max-video-preview":"max-video-preview:-1"},"canonical":"https:\/\/transportjournal.com\/de\/2026\/01\/14\/contargo-uebernimmt-50-prozent-an-ccgl\/","og_locale":"de_DE","og_type":"article","og_title":"Contargo \u00fcbernimmt 50 Prozent an CCGL - ITJ | International Transport Journal","og_description":"Contargo hat am 1. Januar 2026 50 Prozent der Anteile an CCGL \u00fcbernommen, um die logistischen M\u00f6glichkeiten beider Unternehmen zu erweitern und Synergien zu schaffen.","og_url":"https:\/\/transportjournal.com\/de\/2026\/01\/14\/contargo-uebernimmt-50-prozent-an-ccgl\/","og_site_name":"ITJ | International Transport Journal","article_published_time":"2026-01-14T08:44:07+00:00","og_image":[{"width":1984,"height":1117,"url":"https:\/\/transportjournal.com\/wp-content\/uploads\/sites\/2\/2026\/01\/2026_01_13_PM_Contargo_CCGL-scaled-aspect-ratio-1400-788.jpeg","type":"image\/jpeg"}],"author":"Jeremy Soland","twitter_card":"summary_large_image","twitter_misc":{"Verfasst von":"Jeremy Soland","Gesch\u00e4tzte Lesezeit":"1\u00a0Minute"},"schema":{"@context":"https:\/\/schema.org","@graph":[{"@type":"Article","@id":"https:\/\/transportjournal.com\/de\/2026\/01\/14\/contargo-uebernimmt-50-prozent-an-ccgl\/#article","isPartOf":{"@id":"https:\/\/transportjournal.com\/de\/2026\/01\/14\/contargo-uebernimmt-50-prozent-an-ccgl\/"},"author":{"name":"Jeremy Soland","@id":"https:\/\/transportjournal.com\/de\/#\/schema\/person\/41d36b5474b623392fa613e97e2363fa"},"headline":"Contargo \u00fcbernimmt 50 Prozent an CCGL","datePublished":"2026-01-14T08:44:07+00:00","mainEntityOfPage":{"@id":"https:\/\/transportjournal.com\/de\/2026\/01\/14\/contargo-uebernimmt-50-prozent-an-ccgl\/"},"wordCount":244,"commentCount":0,"publisher":{"@id":"https:\/\/transportjournal.com\/de\/#organization"},"image":{"@id":"https:\/\/transportjournal.com\/de\/2026\/01\/14\/contargo-uebernimmt-50-prozent-an-ccgl\/#primaryimage"},"thumbnailUrl":"https:\/\/transportjournal.com\/wp-content\/uploads\/sites\/2\/2026\/01\/2026_01_13_PM_Contargo_CCGL-scaled-aspect-ratio-1400-788.jpeg","keywords":["Adriah\u00e4fen","Adriatic ports","cargo transport Fran\u00e7ais Contargo","Cargo-Center-Graz","CCGL","circuits Graz","coop\u00e9ration logistique","corridors de transport europ\u00e9ens","Deutsch Contargo","d\u00e9veloppement des infrastructures","Digitalisierung in der Logistik","digitalization in logistics","europ\u00e4ische Transportkorridore","European transport corridors","Fachkr\u00e4ftemangel in der Logistik","freight transport","gestion de la cha\u00eene d'approvisionnement","Graz","infrastructure development","Infrastrukturentwicklung","intermodal solutions","intermodale L\u00f6sungen","Kooperation in der Logistik English Contargo","Lkw-Vorl\u00e4ufe","logistics cooperation","logistics service providers","Logistik auf Schiene","Logistikdienstleister","logistique durable","logistique ferroviaire","nachhaltige Logistik","num\u00e9risation dans la logistique","optimisation du transport","p\u00e9nurie de main-d'\u0153uvre dans la logistique","ports adriatiques","ports du sud","pr\u00e9acheminement par camion","prestataires logistiques","rail logistics","round trips Graz","Rundl\u00e4ufe Graz","Schieneng\u00fcterverkehr","skills shortage in logistics","solutions intermodales","southern ports","S\u00fcdh\u00e4fen","Supply Chain Management","sustainable logistics","transport de fret","transport de marchandises","transport optimization","Transportoptimierung","Transportwirtschaft","truck pre-hauls"],"articleSection":["Europa","Spedition &amp; Logistik"],"inLanguage":"de","potentialAction":[{"@type":"CommentAction","name":"Comment","target":["https:\/\/transportjournal.com\/de\/2026\/01\/14\/contargo-uebernimmt-50-prozent-an-ccgl\/#respond"]}]},{"@type":"WebPage","@id":"https:\/\/transportjournal.com\/de\/2026\/01\/14\/contargo-uebernimmt-50-prozent-an-ccgl\/","url":"https:\/\/transportjournal.com\/de\/2026\/01\/14\/contargo-uebernimmt-50-prozent-an-ccgl\/","name":"Contargo \u00fcbernimmt 50 Prozent an CCGL - ITJ | International Transport Journal","isPartOf":{"@id":"https:\/\/transportjournal.com\/de\/#website"},"primaryImageOfPage":{"@id":"https:\/\/transportjournal.com\/de\/2026\/01\/14\/contargo-uebernimmt-50-prozent-an-ccgl\/#primaryimage"},"image":{"@id":"https:\/\/transportjournal.com\/de\/2026\/01\/14\/contargo-uebernimmt-50-prozent-an-ccgl\/#primaryimage"},"thumbnailUrl":"https:\/\/transportjournal.com\/wp-content\/uploads\/sites\/2\/2026\/01\/2026_01_13_PM_Contargo_CCGL-scaled-aspect-ratio-1400-788.jpeg","datePublished":"2026-01-14T08:44:07+00:00","breadcrumb":{"@id":"https:\/\/transportjournal.com\/de\/2026\/01\/14\/contargo-uebernimmt-50-prozent-an-ccgl\/#breadcrumb"},"inLanguage":"de","potentialAction":[{"@type":"ReadAction","target":["https:\/\/transportjournal.com\/de\/2026\/01\/14\/contargo-uebernimmt-50-prozent-an-ccgl\/"]}]},{"@type":"ImageObject","inLanguage":"de","@id":"https:\/\/transportjournal.com\/de\/2026\/01\/14\/contargo-uebernimmt-50-prozent-an-ccgl\/#primaryimage","url":"https:\/\/transportjournal.com\/wp-content\/uploads\/sites\/2\/2026\/01\/2026_01_13_PM_Contargo_CCGL-scaled-aspect-ratio-1400-788.jpeg","contentUrl":"https:\/\/transportjournal.com\/wp-content\/uploads\/sites\/2\/2026\/01\/2026_01_13_PM_Contargo_CCGL-scaled-aspect-ratio-1400-788.jpeg","width":1984,"height":1117},{"@type":"BreadcrumbList","@id":"https:\/\/transportjournal.com\/de\/2026\/01\/14\/contargo-uebernimmt-50-prozent-an-ccgl\/#breadcrumb","itemListElement":[{"@type":"ListItem","position":1,"name":"Startseite","item":"https:\/\/transportjournal.com\/de\/"},{"@type":"ListItem","position":2,"name":"Contargo \u00fcbernimmt 50 Prozent an CCGL"}]},{"@type":"WebSite","@id":"https:\/\/transportjournal.com\/de\/#website","url":"https:\/\/transportjournal.com\/de\/","name":"ITJ | International Transport Journal","description":"Stay informed with the latest global news from the transport, logistics, and supply chain industries. Transport Journal delivers expert insights, analysis, and updates across shipping, aviation, intermodal, and forwarding.","publisher":{"@id":"https:\/\/transportjournal.com\/de\/#organization"},"potentialAction":[{"@type":"SearchAction","target":{"@type":"EntryPoint","urlTemplate":"https:\/\/transportjournal.com\/de\/?s={search_term_string}"},"query-input":{"@type":"PropertyValueSpecification","valueRequired":true,"valueName":"search_term_string"}}],"inLanguage":"de"},{"@type":"Organization","@id":"https:\/\/transportjournal.com\/de\/#organization","name":"Groupe Logismedia AG","alternateName":"Logismedia Group AG","url":"https:\/\/transportjournal.com\/de\/","logo":{"@type":"ImageObject","inLanguage":"de","@id":"https:\/\/transportjournal.com\/de\/#\/schema\/logo\/image\/","url":"https:\/\/transportjournal.com\/wp-content\/uploads\/sites\/2\/2025\/09\/Logo_ITJ.png","contentUrl":"https:\/\/transportjournal.com\/wp-content\/uploads\/sites\/2\/2025\/09\/Logo_ITJ.png","width":799,"height":326,"caption":"Groupe Logismedia AG"},"image":{"@id":"https:\/\/transportjournal.com\/de\/#\/schema\/logo\/image\/"},"sameAs":["https:\/\/www.linkedin.com\/company\/56456496\/admin\/dashboard\/","https:\/\/www.instagram.com\/logismediagroup\/","https:\/\/www.youtube.com\/@LogiamediaGroupAG"]},{"@type":"Person","@id":"https:\/\/transportjournal.com\/de\/#\/schema\/person\/41d36b5474b623392fa613e97e2363fa","name":"Jeremy Soland","url":"https:\/\/transportjournal.com\/de\/author\/jeremy\/"}]}},"_links":{"self":[{"href":"https:\/\/transportjournal.com\/de\/wp-json\/wp\/v2\/posts\/73026","targetHints":{"allow":["GET"]}}],"collection":[{"href":"https:\/\/transportjournal.com\/de\/wp-json\/wp\/v2\/posts"}],"about":[{"href":"https:\/\/transportjournal.com\/de\/wp-json\/wp\/v2\/types\/post"}],"author":[{"embeddable":true,"href":"https:\/\/transportjournal.com\/de\/wp-json\/wp\/v2\/users\/10"}],"replies":[{"embeddable":true,"href":"https:\/\/transportjournal.com\/de\/wp-json\/wp\/v2\/comments?post=73026"}],"version-history":[{"count":0,"href":"https:\/\/transportjournal.com\/de\/wp-json\/wp\/v2\/posts\/73026\/revisions"}],"wp:featuredmedia":[{"embeddable":true,"href":"https:\/\/transportjournal.com\/de\/wp-json\/wp\/v2\/media\/73025"}],"wp:attachment":[{"href":"https:\/\/transportjournal.com\/de\/wp-json\/wp\/v2\/media?parent=73026"}],"wp:term":[{"taxonomy":"category","embeddable":true,"href":"https:\/\/transportjournal.com\/de\/wp-json\/wp\/v2\/categories?post=73026"},{"taxonomy":"post_tag","embeddable":true,"href":"https:\/\/transportjournal.com\/de\/wp-json\/wp\/v2\/tags?post=73026"}],"curies":[{"name":"wp","href":"https:\/\/api.w.org\/{rel}","templated":true}]}}